{"id":525209,"date":"2021-10-27T00:01:45","date_gmt":"2021-10-27T05:01:45","guid":{"rendered":"https:\/\/www.diarioimagen.net\/?p=525209"},"modified":"2021-10-29T01:05:34","modified_gmt":"2021-10-29T06:05:34","slug":"celebraran-el-dia-de-muertos-en-miami-y-coral-gables-el-proximo-sabado-30","status":"publish","type":"post","link":"https:\/\/www.diarioimagen.net\/?p=525209","title":{"rendered":"Celebrar\u00e1n el D\u00eda de Muertos en Miami y Coral Gables el pr\u00f3ximo s\u00e1bado 30"},"content":{"rendered":"<h2>De cinco estrellas<\/h2>\n<h5>Victoria Gonz\u00e1lez Prado<\/h5>\n<p>&nbsp;<\/p>\n<ul>\n<li><strong><em>386 pasajeros llegaron a Canc\u00fan v\u00eda <\/em>Air France<em> y celebraron 10 a\u00f1os de esa ruta\u00a0\u00a0<\/em><\/strong><\/li>\n<li><strong><em>La reactivaci\u00f3n en Nueva York trae consigo algunos eventos que podr\u00e1s disfrutar<\/em><\/strong><\/li>\n<li><strong><em>TAR Aerol\u00edneas firm\u00f3 alianza comercial con <\/em>PriceTravel Holding<\/strong><\/li>\n<\/ul>\n<p>&nbsp;<\/p>\n<div id=\"attachment_525301\" style=\"width: 470px\" class=\"wp-caption aligncenter\"><a href=\"https:\/\/www.diarioimagen.net\/?attachment_id=525301\" rel=\"attachment wp-att-525301\"><img loading=\"lazy\" decoding=\"async\" aria-describedby=\"caption-attachment-525301\" class=\"size-full wp-image-525301\" src=\"https:\/\/www.diarioimagen.net\/wp-content\/uploads\/2021\/10\/turismo-11.jpg\" alt=\"\" width=\"460\" height=\"536\" \/><\/a><p id=\"caption-attachment-525301\" class=\"wp-caption-text\">La celebraci\u00f3n del D\u00eda de Muertos en Coral Gables.<\/p><\/div>\n<p>&nbsp;<\/p>\n<p>El Consulado General de M\u00e9xico en Miami, Coral Gables y <em>VisitM\u00e9xico<\/em> presentar\u00e1n la segunda edici\u00f3n del reconocido evento de \u201cD\u00eda de Muertos\u201d el pr\u00f3ximo s\u00e1bado 30 de octubre. El programa comunitario y cultural ser\u00e1 presidido por <strong>Jonathan Chait<\/strong><strong>, <\/strong>c\u00f3nsul general y <strong>Vince Lago<\/strong>, alcalde.<\/p>\n<p>El programa tendr\u00e1 lugar en Giralda Plaza y Merrick Way, en Coral Gables, incluye la presencia de distitnos artistas entre ellos: <strong>Luis Angel Jaramillo<\/strong>, quien interpreta la voz de Miguel en la pel\u00edcula \u201cCoco\u201d de <em>Disney Pixar;<\/em> la participaci\u00f3n del Mariachi \u201cMi M\u00e9xico\u201d, los grupos de danza \u201cAmeyal\u201d, \u201cBallet Folcl\u00f3rico Azteca\u201d y la cantante mexicana <strong>Kika Pulido<\/strong>. Adem\u00e1s, habr\u00e1 concurso de catrinas y actividades infantiles alusivas a la fecha.<\/p>\n<p><em>VisitMexico<\/em> celebrar\u00e1 en conjunto con el Consulado General de M\u00e9xico en Miami, la herencia, cultura y tradiciones de \u201cD\u00eda de Muertos\u201d mediante la presentaci\u00f3n de segmento de Prehisp\u00e1nica, producci\u00f3n de <strong>Lori Delgado<\/strong>, y que viaja por primera ocasi\u00f3n fuera de M\u00e9xico.<\/p>\n<p>Prehisp\u00e1nica es puesta en escena que narra la historia de nuestros ancestros mexicanos quienes trazaron el camino de la noble raza de bronce y presenta la riqueza cultural de M\u00e9xico. Incluye actores, bailarines y acr\u00f3batas con m\u00fasica original. Experiencia \u00fanica en su tipo que reconecta con nuestras ra\u00edces.<\/p>\n<p>El \u201cD\u00eda de Muertos\u201d es tradici\u00f3n mexicana de origen prehisp\u00e1nico que se celebra anualmente en M\u00e9xico los d\u00edas 1 y 2 de noviembre. En 2008, estos festejos se convirtieron en \u201cPatrimonio Cultural Inmaterial de la Humanidad\u201d por la Unesco.<\/p>\n<p>\u201cA trav\u00e9s del \u201cD\u00eda de Muertos\u201d, el Consulado General de M\u00e9xico difunde el significado de esta tradici\u00f3n mexicana y comparte su celebraci\u00f3n con la comunidad multicultural que reside en Coral Gables y Miami, as\u00ed como con cientos de turistas internacionales que se dan cita en el sur de Florida\u201d.<\/p>\n<p>\u2730\u2730\u2730\u2730\u2730\u00a0Para celebrar el d\u00e9cimo aniversario de los vuelos Par\u00eds-Canc\u00fan, directivos de la <em>Air France <\/em>en M\u00e9xico, autoridades de Quintana Roo, del Consejo de Promoci\u00f3n Tur\u00edstica y el director del Aeropuerto de Canc\u00fan, recibieron al <em>Boeing 777-300 <\/em>procedente de Par\u00eds, y a los 386 pasajeros a bordo,<\/p>\n<p><strong>Guilhem Mallet<\/strong>, director general de <em>Air France en M\u00e9xico<\/em><em>, <\/em>record\u00f3. \u201cla ruta Par\u00eds-Canc\u00fan se inaugur\u00f3 oficialmente el 21 de octubre de 2011. Tres veces por semana, las dos ciudades estaban conectadas \u00fanicamente durante la temporada de invierno. En 2017, se anunci\u00f3 que el vuelo dejaba de ser de temporada para convertirse en un vuelo disponible durante todo el a\u00f1o.<\/p>\n<p>\u201cEstoy orgulloso de ser el director de la aerol\u00ednea en M\u00e9xico que celebre los primeros 10 a\u00f1os de la exitosa ruta Par\u00eds-Canc\u00fan. Este 21 de octubre, representa una enorme satisfacci\u00f3n para mi gran equipo de trabajo pues nos mantenemos en el gusto de los viajeros en un mercado tan competitivo como lo es Canc\u00fan, y es una oportunidad para agradecer a nuestros pasajeros por su preferencia, al continuo apoyo de las autoridades y de nuestros socios estrat\u00e9gicos, y al compromiso de todos los colaboradores\u201d.<\/p>\n<p>Por su parte, <strong>Dar\u00edo Flota Ocampo<\/strong>, director general del Consejo de Promoci\u00f3n Tur\u00edstica de Quintana Roo, se\u00f1al\u00f3: \u201ccumplir 10 a\u00f1os de este vuelo en el que participamos para su confirmaci\u00f3n y posterior consolidaci\u00f3n nos llena de alegr\u00eda. Recuerdo tambi\u00e9n a lo largo de estos diez a\u00f1os que para la celebraci\u00f3n pudimos contar con la llegada del entonces avi\u00f3n m\u00e1s grande de la flota, el <em>Airbus A380<\/em> que aterriz\u00f3 por primera vez en el Aeropuerto Internacional de Canc\u00fan. Esperamos que se cumplan muchos a\u00f1os mas de esta ruta que ha probado ser exitosa y a trav\u00e9s de <em>Air France<\/em> sigamos recibiendo muchos viajeros de ese pa\u00eds\u201d, coment\u00f3.<\/p>\n<p>En su oportunidad, <strong>Carlos Trueba Coll<\/strong>, director del Aeropuerto de Canc\u00fan dijo: \u201chace 10 a\u00f1os <em>Air France<\/em> y el Aeropuerto de Canc\u00fan comenzaron a caminar hombro con hombro por un camino que ha significado crecimiento, logros y satisfacciones para ambos, pero tambi\u00e9n pruebas dif\u00edciles que han superado juntos, como la emergencia sanitaria que inici\u00f3 hace casi a\u00f1o y medio. Despu\u00e9s de todo eso, seguimos caminando unidos para iniciar una etapa m\u00e1s de colaboraci\u00f3n y trabajo en equipo para bien de M\u00e9xico y Francia. \u00a1Felicidades, Air France, por estos primeros 10 a\u00f1os!\u201d.<\/p>\n<p>Tras despedirse temporalmente de Canc\u00fan, en marzo de 2020, debido a la emergencia sanitaria mundial, desde ell 4 de octubre de 2020, <em>Air Fran<\/em>ce restableci\u00f3 la ruta y, actualmente, conecta hasta seis veces por semana Francia con el Caribe mexicano, contribuyendo a la reactivaci\u00f3n del turismo y las relaciones comerciales entre Europa y Am\u00e9rica. En 2022, por primera vez en la historia de la ruta, la aerol\u00ednea contar\u00e1 con 10 vuelos semanales, en la temporada alta.<\/p>\n<p>\u2730\u2730\u2730\u2730\u2730\u00a0Hace unos d\u00edas TAR Aerol\u00edneas firm\u00f3 alianza comercial con <em>PriceTravel Holding<\/em>, para impulsar la venta de paquetes vacacionales al mejor precio y ofrecer a los viajeros las mejores ofertas en paquetes de viajes, para que puedan disfrutar vacaciones por medio de motor de reservaciones en su sitio web\u00a0<a href=\"https:\/\/mediaglobal.us20.list-manage.com\/track\/click?u=dcc6b48ace08bf16a91d8e201&amp;id=1d0333882b&amp;e=b83d67ada6\">paquetes.tarmexico.com<\/a>, adaptado con\u00a0<em>look &amp; feel<\/em>\u00a0propio y excelente soluci\u00f3n tecnol\u00f3gica<\/p>\n<p><strong>Juan Socas<\/strong>, director de Alianzas Comerciales del <em>Holdin<\/em> dijo:<em> \u201ce<\/em>stamos muy satisfechos de haber firmado esta alianza con TAR Aerol\u00edneas; empresa joven que ha logrado crecimientos muy importantes a lo largo de su historia y que trabaja con el mismo objetivo que nosotros: incentivar el turismo y los viajes\u201d.<\/p>\n<p>VuHo de la compa\u00f1\u00eda a\u00e9rea contar\u00e1 tambi\u00e9n con l\u00ednea de atenci\u00f3n exclusiva y personalizada en <em>call center <\/em>de primer nivel, que cuenta con los m\u00e1s altos est\u00e1ndares de calidad y servicio las 24 horas del d\u00eda los siete d\u00edas de la semana. Por su parte, <strong>\u00c1ngel Garc\u00eda Col\u00edn<\/strong>, director Comercial de la aerol\u00ednea regional indic\u00f3: \u201cen la b\u00fasqueda por ampliar y fortalecer nuestra oferta en el mercado, esta alianza comercial significa un paso importante en el crecimiento que perseguimos arduamente y es por eso que hoy celebramos esta importante alianza comercial con <em>PriceTravel Holding.<\/em><\/p>\n<p>El grupo tur\u00edstico informa que con esta alianza, los clientes de la aerol\u00ednea, adem\u00e1s de contar con promociones exclusivas y los mejores precios, contar\u00e1n con poderosa pasarela de pagos con los principales bancos de pa\u00eds.<\/p>\n<p><em>PriceTravel Holding<\/em>, a trav\u00e9s de su unidad de negocio <em>B2B2C,<\/em> cuenta con excelente relaci\u00f3n comercial con m\u00e1s de 250 empresas, quienes disfrutan de la tecnolog\u00eda del m\u00e1s alto nivel de eficiencia y seguridad que el grupo ofrece.<\/p>\n<p>\u2730\u2730\u2730\u2730\u2730 La reactivaci\u00f3n en Nueva York trae consigo algunos eventos que podr\u00e1s disfrutar como el pr\u00f3ximo 7 de septiembre con el regreso del <em>TCS New York City Marathon, <\/em>con 33 mil corredores (60 por ciento menos de la capacidad en a\u00f1os anteriores) se presenten para correr la ruta de los cinco distritos.<\/p>\n<p>\u00bfYa conoces lo m\u00e1s nuevo en la ciudad? <em>One Vanderbill Summit<\/em>, es el observatorio m\u00e1s nuevo en la ciudad de Nueva York y la experiencia multi-sensorial en la corona del nuevo y emblem\u00e1tico edificio <em>One Vanderbilt<\/em>. <em>Summit<\/em> llevar\u00e1 a los visitantes al punto m\u00e1s alto de <em>Midtown<\/em> con vistas del <em>Empire State Building<\/em> y el norte de <em>Central Park,<\/em> con pisos de cristal que flotan a 300 metros de altura sobre <em>Madison Avenue<\/em>. No te lo pierdas.<\/p>\n<p>&nbsp;<\/p>\n<blockquote>\n<p style=\"text-align: right;\">\u201c<strong>El<\/strong> <strong>\u00e1ngel de la fama tiene sus alas hechas de papel&#8230; peri\u00f3dico\u201d.<br \/>\n<\/strong><\/p>\n<\/blockquote>\n<p>&nbsp;<\/p>\n<p><em><span class=\"Apple-converted-space\"><a href=\"mailto:victoriagprado@gmail.com\" target=\"_blank\" rel=\"noopener noreferrer\">victoriagprado@gmail.com<\/a><br \/>\nTwitter: <a href=\"https:\/\/twitter.com\/victoriagprado\" target=\"_blank\" rel=\"noopener noreferrer\">@victoriagprado<\/a><\/span><\/em><\/p>\n","protected":false},"excerpt":{"rendered":"<p>El Consulado General de M\u00e9xico en Miami, Coral Gables y <em>VisitM\u00e9xico<\/em> presentar\u00e1n la segunda edici\u00f3n del reconocido evento de \u201cD\u00eda de Muertos\u201d el pr\u00f3ximo s\u00e1bado 30 de octubre. El programa comunitario y cultural ser\u00e1 presidido por <strong>Jonathan Chait<\/strong><strong>, <\/strong>c\u00f3nsul general y <strong>Vince Lago<\/strong>, alcalde.<\/p>\n","protected":false},"author":3,"featured_media":525302,"comment_status":"open","ping_status":"open","sticky":false,"template":"","format":"standard","meta":{"_monsterinsights_skip_tracking":false,"_monsterinsights_sitenote_active":false,"_monsterinsights_sitenote_note":"","_monsterinsights_sitenote_category":0,"footnotes":""},"categories":[11],"tags":[107,43674,13867,106],"class_list":["post-525209","post","type-post","status-publish","format-standard","has-post-thumbnail","hentry","category-turismo","tag-de-cinco-estrellas","tag-opinion","tag-tuirismo","tag-victoria-gonzalez-prado"],"_links":{"self":[{"href":"https:\/\/www.diarioimagen.net\/index.php?rest_route=\/wp\/v2\/posts\/525209","targetHints":{"allow":["GET"]}}],"collection":[{"href":"https:\/\/www.diarioimagen.net\/index.php?rest_route=\/wp\/v2\/posts"}],"about":[{"href":"https:\/\/www.diarioimagen.net\/index.php?rest_route=\/wp\/v2\/types\/post"}],"author":[{"embeddable":true,"href":"https:\/\/www.diarioimagen.net\/index.php?rest_route=\/wp\/v2\/users\/3"}],"replies":[{"embeddable":true,"href":"https:\/\/www.diarioimagen.net\/index.php?rest_route=%2Fwp%2Fv2%2Fcomments&post=525209"}],"version-history":[{"count":0,"href":"https:\/\/www.diarioimagen.net\/index.php?rest_route=\/wp\/v2\/posts\/525209\/revisions"}],"wp:featuredmedia":[{"embeddable":true,"href":"https:\/\/www.diarioimagen.net\/index.php?rest_route=\/wp\/v2\/media\/525302"}],"wp:attachment":[{"href":"https:\/\/www.diarioimagen.net\/index.php?rest_route=%2Fwp%2Fv2%2Fmedia&parent=525209"}],"wp:term":[{"taxonomy":"category","embeddable":true,"href":"https:\/\/www.diarioimagen.net\/index.php?rest_route=%2Fwp%2Fv2%2Fcategories&post=525209"},{"taxonomy":"post_tag","embeddable":true,"href":"https:\/\/www.diarioimagen.net\/index.php?rest_route=%2Fwp%2Fv2%2Ftags&post=525209"}],"curies":[{"name":"wp","href":"https:\/\/api.w.org\/{rel}","templated":true}]}}