{"id":525496,"date":"2021-10-29T00:01:34","date_gmt":"2021-10-29T05:01:34","guid":{"rendered":"https:\/\/www.diarioimagen.net\/?p=525496"},"modified":"2021-10-29T04:15:31","modified_gmt":"2021-10-29T09:15:31","slug":"nuevo-servicio-estacional-de-austrian-airlines-de-viena-a-cancun-con-dos-vuelos-semanales","status":"publish","type":"post","link":"https:\/\/www.diarioimagen.net\/?p=525496","title":{"rendered":"Nuevo servicio estacional de <em>Austrian Airlines<\/em> de Viena a Canc\u00fan con dos vuelos semanales"},"content":{"rendered":"<h2>De cinco estrellas<\/h2>\n<h5>Victoria Gonz\u00e1lez Prado<\/h5>\n<p>&nbsp;<\/p>\n<ul>\n<li><strong><em>Del 5 al 21 de noviembre el LXXVII Congreso y Campeonato Nacional Charro en Aguascalientes<\/em><\/strong><\/li>\n<li><strong><em>En el segmento de lujo <\/em><\/strong>Meli\u00e1 Hotels International<strong><em> reconocida como la mejor compa\u00f1\u00eda hotelera<\/em><\/strong><\/li>\n<li><strong><em>Con inversi\u00f3n de mil millones de d\u00f3lares, el\u00a0hotel <\/em>Waldorf Astoria<em>, cumple 90 a\u00f1os<\/em><\/strong><\/li>\n<li><strong><em>Toda una tradici\u00f3n, en esta \u00e9poca del a\u00f1o, es comer pan de muerto, \u00a1no te lo pierdas!<\/em><\/strong><\/li>\n<\/ul>\n<p>&nbsp;<\/p>\n<div id=\"attachment_525574\" style=\"width: 470px\" class=\"wp-caption aligncenter\"><a href=\"https:\/\/www.diarioimagen.net\/?attachment_id=525574\" rel=\"attachment wp-att-525574\"><img loading=\"lazy\" decoding=\"async\" aria-describedby=\"caption-attachment-525574\" class=\"size-full wp-image-525574\" src=\"https:\/\/www.diarioimagen.net\/wp-content\/uploads\/2021\/10\/turismo-12.jpg\" alt=\"\" width=\"460\" height=\"270\" \/><\/a><p id=\"caption-attachment-525574\" class=\"wp-caption-text\">Dos veces por semana de Viana a Canc\u00fan.<\/p><\/div>\n<p>&nbsp;<\/p>\n<p>Por primera vez, <em>Austrian Airlines<\/em>, aterriz\u00f3 en el Aeropuerto de Canc\u00fan lo que marca el inici\u00f3 de nuevo servicio directo desde Viena y ofreciendo otra conexi\u00f3n a Europa para la regi\u00f3n.<\/p>\n<p><strong>Alejandro Arias<\/strong>, director de ventas para M\u00e9xico y Centroam\u00e9rica de <em>Lufthansa Group<\/em> dijo: \u201cCanc\u00fan es muy popular para los viajeros europeos y la nueva ruta desde Viena adem\u00e1s de ofrecer a austr\u00edacos y europeos nuevo destino, reforzar\u00e1 las actividades de la aerol\u00ednea alemana y su continuo apoyo al sector tur\u00edstico\u201d.<\/p>\n<p>Por su parte Dario Flota, director general del Consejo de Promoci\u00f3n Tur\u00edstica de Quintana Roo, indic\u00f3: \u201cdamos la bienvenida con mucha alegr\u00eda a este vuelo procedente de Austria que abre un camino para recibir visitantes que hac\u00eda muchos a\u00f1os no se cubr\u00eda, bienvenidos a los pasajeros austriacos que encuentren en el Caribe Mexicano el descanso y las bellezas naturales que buscan\u201d.<\/p>\n<p>La ruta es estacional e iniciar\u00e1 con dos vuelos semanales.<\/p>\n<p><strong>***** <\/strong>Del 5 al 21 de noviembre, Aguascalientes dar\u00e1 la bienvenida a m\u00e1s de 100 mil visitantes, 150 equipos de charros de todo el pa\u00eds y m\u00e1s de 100 escaramuzas, superando las expectativas de los organizadores en el LXXVII Congreso y Campeonato Nacional Charro.<\/p>\n<p>Gracias a las ventajas geogr\u00e1ficas, econ\u00f3micas y de paz social con las que cuenta la entidad, as\u00ed como la promesa de construir lienzo digno del evento se invertir\u00e1n 270 millones de pesos, en el lienzo que tendr\u00e1 capacidad de 7 mil 100 espectadores.<\/p>\n<p>Considerado, debido a la magnitud de la obra, como la Catedral de la Charrer\u00eda, la ciudad de Aguascalientes, se convierte en sede por quinta ocasi\u00f3n del LXXVII Congreso y Campeonato Nacional Charro comunidad charra de Aguascalientes, que obtuvo la sede y espera derrama econ\u00f3mica superior a 300 millones de pesos.<\/p>\n<p>Participar\u00e1n ganaderos, criadores y aficionados amantes de la charrer\u00eda. Aguascalientes est\u00e1 preparado para recibir a los viajeros y les ofrece tambi\u00e9n su gastronom\u00eda, cultura, arquitectura u tres pueblos m\u00e1gicos: Calvillo, San Jos\u00e9 de Gracia y Real de Asientos.<\/p>\n<p>\u2730\u2730\u2730\u2730\u2730 <strong><em>Meli\u00e1 Hotels International<\/em><\/strong><em>,<\/em> por s\u00e9ptimo a\u00f1o consecutivo, fue reconocida como la mejor compa\u00f1\u00eda hotelera en el mundo en el segmento vacacional de lujo, seg\u00fan la revista estadounidense <em>Global Traveler<\/em>, que anunci\u00f3 a los ganadores de los\u00a0<strong><em>Leisure Lifestyle Awards 2021<\/em><\/strong>.<\/p>\n<p>Adem\u00e1s de haber sido premiada como la mejor cadena hotelera de lujo vacacional, recibieron galard\u00f3n algunos destinos, en los cuatro continentes,\u00a0 en los que la cadena hotelera espa\u00f1ola tiene presencia: Playa del Carmen, Cabo San Lucas y Canc\u00fan, en M\u00e9xico; Zanz\u00edbar, Tanzania\u2019 Sevilla, Espa\u00f1a; Praga, Rep\u00fablica Checa; Roma, Italia; Oporto y Lisboa, Portugal; Par\u00eds Francia; Phuket, Tailandia;\u00a0 \u00a0Bali, Tailandia; Buenos Aires, Argentina y, Cartagena Colombia, entre otros.<\/p>\n<p>Sus tres marcas de lujo, <em>Gran Meli\u00e1<\/em>, <em>M<\/em><em>e<\/em><em> by Me<\/em>li\u00e1 y <em>Paradisus<\/em>, suman 33 hoteles en los principales destinos del mundo, adem\u00e1s de contar con 10 proyectos que aumentar\u00e1n su presencia y reconocimiento internacional.<\/p>\n<p><strong>Gabriel Escarrer<\/strong>, vicepresidente y consejero delegado indic\u00f3: \u00abel mercado de lujo es altamente competitivo, pero nuestras marcas est\u00e1n hoy en una posici\u00f3n imbatible para captar las nuevas oportunidades de este sector. \u00a0Nuestros hoteles <em>premium<\/em> se ubican en plena naturaleza y parajes ex\u00f3ticos, con amplios espacios al aire libre, magn\u00edfica oferta <em>wellness<\/em> y actividades aut\u00e9nticas, enriquecedoras e integradas en el destino, servicio exclusivo y personalizado y siempre bajo un entorno de seguridad, que hemos reforzado gracias a nuestro programa <em>Stay Safe with Meli\u00e1\u00bb.<\/em><\/p>\n<p>Cabe destacar que la cadena hotelera cuenta con creciente presencia en los destinos vacacionales del Sudeste Asi\u00e1tico, que en conjunto representa 60 por ciento m\u00e1s de su portfolio. En los \u00faltimos a\u00f1os ha consolidado su cartera de hoteles <em>premium<\/em> con la aperturas emblem\u00e1ticos en: Iguaz\u00fa, Argentina o el ultramoderno <em>M<\/em><em>e<\/em><em> Dubai<\/em>, en Emiratos \u00c1rabes. En China y, en los pr\u00f3ximos meses, abrir\u00e1 <em>Paradisus Playa Mujeres<\/em>, M\u00e9xico; <em>M<\/em><em>e<\/em><em> Doha<\/em>, Qatar o nuevo <em>Gran Meli\u00e1<\/em> en Mil\u00e1n.<\/p>\n<p>\u2730\u2730\u2730\u2730\u2730 Es \u00e9poca de pan de muerto y comerlo en esta temporada se ha convertido en tradici\u00f3n. El equipo de chefs pasteleros de <em>JW Marriott Ciudad de M\u00e9xico<\/em> preparan delicioso pan de muerto ba\u00f1ado en mantequilla y az\u00facar, con sabor caracter\u00edstico y distintivo que ha enaltecido la tradici\u00f3n mexicana.<\/p>\n<p><strong>Octavio Carrillo<\/strong>, chef pastelero del inmueble dijo: \u201cel pan de muerto es un s\u00edmbolo ic\u00f3nico que ha fortalecido la tradici\u00f3n de las fechas de d\u00eda de muertos, por ello este a\u00f1o quisimos reforzar los sabores con agua de azahar y naranja, elementos t\u00edpicos de la receta y la modalidad de poder disfrutarlo en el restaurante Xanat o llevarlo a casa\u201d.<\/p>\n<p>Est\u00e1 disponible para disfrutar en el restaurante Xanat o para llevar. Disfruta esta tradicional receta que deleitar\u00e1 a los amantes del pan de muerto.<\/p>\n<p>\u2730\u2730\u2730\u2730\u2730 Con inversi\u00f3n de mil millones de d\u00f3lares<strong>, <\/strong>el lujoso\u00a0hotel <em>Waldorf Astoria<\/em>,\u00a0ubicado en la <em>Park Avenue<\/em>\u00a0en Nueva York (Estados Unidos), cumple este mes 90 a\u00f1os y lo celebra con puertas cerradas desde hace cuatro a\u00f1os y medio, por la remodelaci\u00f3n.<\/p>\n<p>Su reapertura ser\u00e1 en 2023 y habr\u00e1 muchos cambios entre ellos: de las mil 400 habitaciones que dispon\u00eda,\u00a0tendr\u00e1 375\u00a0para hu\u00e9spedes, que se sumar\u00e1n a otras\u00a0375 residenciales en propiedad, en lugar de alquiler.<\/p>\n<p>El Waldorf Astoria es uno de los hoteles m\u00e1s emblem\u00e1ticos de la ciudad de Nueva York. Por \u00e9l han pasado numerosas celebridades, como\u00a0<strong>Marilyn Monroe<\/strong> o <strong>Frank Sinatra<\/strong>, y todos los presidentes de Estados Unidos\u00a0que se han hospedado en la suite presidencial.<\/p>\n<p>Abri\u00f3 sus puertas en 1931, en plena Gran Depresi\u00f3n, como el hotel de lujo m\u00e1s alto y grande del mundo. Como su propio nombre indica, opera bajo la marca <em>Waldorf Astoria Hotels &amp; Resorts<\/em>, que pertenece a\u00a0grupo <em>Hilton Hotels &amp; Resorts.<\/em> El establecimiento fue\u00a0comprado en 2014\u00a0por la aseguradora china <em>Anbang<\/em> (ahora <em>Dajia Insurance Group<\/em>) por m\u00e1s de mil 950 millones de d\u00f3lares.<\/p>\n<p>&nbsp;<\/p>\n<blockquote>\n<p style=\"text-align: right;\">\u201c<strong>El<\/strong> <strong>\u00e1ngel de la fama tiene sus alas hechas de papel&#8230; peri\u00f3dico\u201d.<br \/>\n<\/strong><\/p>\n<\/blockquote>\n<p>&nbsp;<\/p>\n<p><em><span class=\"Apple-converted-space\"><a href=\"mailto:victoriagprado@gmail.com\" target=\"_blank\" rel=\"noopener noreferrer\">victoriagprado@gmail.com<\/a><br \/>\nTwitter: <a href=\"https:\/\/twitter.com\/victoriagprado\" target=\"_blank\" rel=\"noopener noreferrer\">@victoriagprado<\/a><\/span><\/em><\/p>\n","protected":false},"excerpt":{"rendered":"<p>Por primera vez, <em>Austrian Airlines<\/em>, aterriz\u00f3 en el Aeropuerto de Canc\u00fan lo que marca el inici\u00f3 de nuevo servicio directo desde Viena y ofreciendo otra conexi\u00f3n a Europa para la regi\u00f3n.<\/p>\n","protected":false},"author":3,"featured_media":525574,"comment_status":"open","ping_status":"open","sticky":false,"template":"","format":"standard","meta":{"_monsterinsights_skip_tracking":false,"_monsterinsights_sitenote_active":false,"_monsterinsights_sitenote_note":"","_monsterinsights_sitenote_category":0,"footnotes":""},"categories":[11],"tags":[107,43674,43681,106],"class_list":["post-525496","post","type-post","status-publish","format-standard","has-post-thumbnail","hentry","category-turismo","tag-de-cinco-estrellas","tag-opinion","tag-turismo","tag-victoria-gonzalez-prado"],"_links":{"self":[{"href":"https:\/\/www.diarioimagen.net\/index.php?rest_route=\/wp\/v2\/posts\/525496","targetHints":{"allow":["GET"]}}],"collection":[{"href":"https:\/\/www.diarioimagen.net\/index.php?rest_route=\/wp\/v2\/posts"}],"about":[{"href":"https:\/\/www.diarioimagen.net\/index.php?rest_route=\/wp\/v2\/types\/post"}],"author":[{"embeddable":true,"href":"https:\/\/www.diarioimagen.net\/index.php?rest_route=\/wp\/v2\/users\/3"}],"replies":[{"embeddable":true,"href":"https:\/\/www.diarioimagen.net\/index.php?rest_route=%2Fwp%2Fv2%2Fcomments&post=525496"}],"version-history":[{"count":0,"href":"https:\/\/www.diarioimagen.net\/index.php?rest_route=\/wp\/v2\/posts\/525496\/revisions"}],"wp:featuredmedia":[{"embeddable":true,"href":"https:\/\/www.diarioimagen.net\/index.php?rest_route=\/wp\/v2\/media\/525574"}],"wp:attachment":[{"href":"https:\/\/www.diarioimagen.net\/index.php?rest_route=%2Fwp%2Fv2%2Fmedia&parent=525496"}],"wp:term":[{"taxonomy":"category","embeddable":true,"href":"https:\/\/www.diarioimagen.net\/index.php?rest_route=%2Fwp%2Fv2%2Fcategories&post=525496"},{"taxonomy":"post_tag","embeddable":true,"href":"https:\/\/www.diarioimagen.net\/index.php?rest_route=%2Fwp%2Fv2%2Ftags&post=525496"}],"curies":[{"name":"wp","href":"https:\/\/api.w.org\/{rel}","templated":true}]}}