{"id":525545,"date":"2021-10-29T00:15:03","date_gmt":"2021-10-29T05:15:03","guid":{"rendered":"https:\/\/www.diarioimagen.net\/?p=525545"},"modified":"2021-10-29T03:33:55","modified_gmt":"2021-10-29T08:33:55","slug":"impunidad-y-prision-preventiva-oficiosa","status":"publish","type":"post","link":"https:\/\/www.diarioimagen.net\/?p=525545","title":{"rendered":"Impunidad y prisi\u00f3n preventiva oficiosa"},"content":{"rendered":"<h2>Por la Derecha..!<\/h2>\n<h5>Luis \u00c1ngel Garc\u00eda<\/h5>\n<p>&nbsp;<\/p>\n<p>En M\u00e9xico, la impunidad delictiva es del 95 por ciento. La probabilidad de que un criminal sea detenido es de s\u00f3lo el cinco por ciento, que sea consignado es del tres por ciento y que alcance sentencia es menor al dos por ciento. Delinquir es una actividad poco castigada, no s\u00f3lo por la baja eficiencia policial, sino porque el nuevo marco legal ha facilitado \u201cla puerta giratoria\u201d, es decir, mal integradas carpetas de investigaci\u00f3n permiten salir con mucha facilidad a los delincuentes. Y, sin embargo, los penales est\u00e1n sobrepoblados.<\/p>\n<p>No es un misterio que atravesamos por una de las peores crisis de seguridad, con m\u00e1s de cien mil homicidios en tres a\u00f1os, una incidencia de il\u00edcitos de alto impacto al alza como los feminicidios, la violaci\u00f3n, el secuestro, el robo en el transporte p\u00fablico. Ante ese panorama, est\u00e1 la ausencia de una eficiente pol\u00edtica p\u00fablica de seguridad que restablezca la paz y tranquilidad social. El crimen organizado se ha empoderado y los cuerpos del orden son incapaces de frenar la delincuencia. Por ello es muy baja la productividad policiaca y son pocos los verdaderos delincuentes que pisan la c\u00e1rcel, adem\u00e1s de lo laxo del nuevo sistema penal que suelta a los infractores y propicia la reincidencia.<\/p>\n<p>Pero, por otro lado, se ha abusado de la figura de la prisi\u00f3n preventiva oficiosa, la cual se usa de manera discrecional por parte de las fiscal\u00edas, m\u00e1s con fines pol\u00edticos y de persecuci\u00f3n fiscal que para evitar que no se den a la fuga los presuntos criminales. En el nuevo sistema penal acusatorio, la prisi\u00f3n preventiva oficiosa vino a suplir el ilegal arraigo que hac\u00eda el ministerio p\u00fablico para declarar, recabar pruebas o evidencias contra el imputado e integrar la averiguaci\u00f3n previa hasta por meses. Con la nueva disposici\u00f3n legal, por la mera presunci\u00f3n, el detenido ya no es enviado a una\u00a0 casa de arraigo, sino directamente a un penal a disposici\u00f3n de un juez que, sin proceso de por medio, otorga hasta por un a\u00f1o la oportunidad a la representaci\u00f3n social para que integre el expediente, mientras el imputado es privado de su libertad.<\/p>\n<p>La prisi\u00f3n oficiosa es muy recurrente por las autoridades hacendarias o fiscales para intimidar a presuntos deudores, defraudadores y ahora a factureros. Empresarios, grandes y peque\u00f1os, buscan la negociaci\u00f3n y los pagos inmediatos para regularizarse y evitar el reclusorio. Hasta el momento, le hab\u00eda funcionado la medida al gobierno, no solo para temas tributarios o de malas pr\u00e1cticas mercantiles, tambi\u00e9n para cumplir venganzas pol\u00edticas, poner ejemplos e infundir miedo.<\/p>\n<p>Tal es el caso de la ex secretaria Rosario Robles o el ex legislador panista Jorge Luis Lavalle. Ambos cayeron en la falsa promesa del presidente: \u201cQuien nada debe, nada teme\u201d y los invitaba a declarar en los juzgados, de donde ya no sal\u00edan. La ex jefa de Gobierno lleva m\u00e1s de dos a\u00f1os en Santa Martha por un delito que no amerita la prisi\u00f3n preventiva oficiosa, pudiera llevar su proceso en libertad.<\/p>\n<p>As\u00ed se las gasta el nuevo sistema pol\u00edtico de la 4T, el que supuestamente no es rencoroso ni vengativo, tiene muy buena memoria y no olvida afrentas.<\/p>\n<p>Bien por la Suprema Corte de Justicia de la Naci\u00f3n que determin\u00f3 la inconstitucionalidad de la prisi\u00f3n preventiva oficiosa para presuntos responsables de delitos fiscales, defraudadores y factureros. Como dice el ministro presidente del m\u00e1ximo tribunal, la prisi\u00f3n debe ser la excepci\u00f3n y no la regla, adem\u00e1s de acotar que esa medida solo afecta a los m\u00e1s pobres, que tienen que defenderse desde adentro, con lo que se violan sus derechos y la presunci\u00f3n de inocencia, ya que sin sentencia ni juicio son privados de la libertad. Nuevo rev\u00e9s a la 4T.<\/p>\n","protected":false},"excerpt":{"rendered":"<p><span style=\"color: #005497;\"><strong>Luis \u00c1ngel Garc\u00eda<\/strong><\/span><br \/>\n<br \/>\nEn M\u00e9xico, la impunidad delictiva es del 95 por ciento. La probabilidad de que un criminal sea detenido es de s\u00f3lo el cinco por ciento, que sea consignado es del tres por ciento y que alcance sentencia es menor al dos por ciento.<\/p>\n","protected":false},"author":3,"featured_media":0,"comment_status":"open","ping_status":"open","sticky":false,"template":"","format":"standard","meta":{"_monsterinsights_skip_tracking":false,"_monsterinsights_sitenote_active":false,"_monsterinsights_sitenote_note":"","_monsterinsights_sitenote_category":0,"footnotes":""},"categories":[92115],"tags":[92117,43674,92116],"class_list":["post-525545","post","type-post","status-publish","format-standard","hentry","category-luis-angel-garcia","tag-luis-angel-garcia","tag-opinion","tag-por-la-derecha"],"_links":{"self":[{"href":"https:\/\/www.diarioimagen.net\/index.php?rest_route=\/wp\/v2\/posts\/525545","targetHints":{"allow":["GET"]}}],"collection":[{"href":"https:\/\/www.diarioimagen.net\/index.php?rest_route=\/wp\/v2\/posts"}],"about":[{"href":"https:\/\/www.diarioimagen.net\/index.php?rest_route=\/wp\/v2\/types\/post"}],"author":[{"embeddable":true,"href":"https:\/\/www.diarioimagen.net\/index.php?rest_route=\/wp\/v2\/users\/3"}],"replies":[{"embeddable":true,"href":"https:\/\/www.diarioimagen.net\/index.php?rest_route=%2Fwp%2Fv2%2Fcomments&post=525545"}],"version-history":[{"count":0,"href":"https:\/\/www.diarioimagen.net\/index.php?rest_route=\/wp\/v2\/posts\/525545\/revisions"}],"wp:attachment":[{"href":"https:\/\/www.diarioimagen.net\/index.php?rest_route=%2Fwp%2Fv2%2Fmedia&parent=525545"}],"wp:term":[{"taxonomy":"category","embeddable":true,"href":"https:\/\/www.diarioimagen.net\/index.php?rest_route=%2Fwp%2Fv2%2Fcategories&post=525545"},{"taxonomy":"post_tag","embeddable":true,"href":"https:\/\/www.diarioimagen.net\/index.php?rest_route=%2Fwp%2Fv2%2Ftags&post=525545"}],"curies":[{"name":"wp","href":"https:\/\/api.w.org\/{rel}","templated":true}]}}