{"id":525610,"date":"2021-10-29T00:12:04","date_gmt":"2021-10-29T05:12:04","guid":{"rendered":"https:\/\/www.diarioimagen.net\/?p=525610"},"modified":"2021-10-29T04:42:00","modified_gmt":"2021-10-29T09:42:00","slug":"cientificos-piden-enjuiciar-al-fiscal-general-gertz-por-plagio","status":"publish","type":"post","link":"https:\/\/www.diarioimagen.net\/?p=525610","title":{"rendered":"Cient\u00edficos piden enjuiciar al fiscal general Gertz por plagio"},"content":{"rendered":"<h2>Tras la puerta del poder<\/h2>\n<h5>Roberto Vizca\u00edno<\/h5>\n<p>&nbsp;<\/p>\n<p>Un grupo de 77 reconocidos cient\u00edficos exigi\u00f3 ayer a la Junta de Honor del Sistema Nacional de Investigadores -el m\u00e1ximo organismo en esa \u00e1rea-, reabrir el caso de c\u00f3mo el ahora Fiscal General de la Rep\u00fablica, <strong>Alejandro Gertz,<\/strong> alcanz\u00f3 ser reconocido por el Conacyt de la 4T con el grado de <strong>Investigador Nacional 3, <\/strong>a pesar de haber cometido inocultables plagios.<\/p>\n<p>De proceder, como se supone debe ocurrir, ese fallo podr\u00eda dar paso para que el Senado abra un proceso de sustituci\u00f3n del Fiscal General de la Rep\u00fablica.<\/p>\n<p>Hay que recordar que el presentar datos de esos plagios, fue lo que llev\u00f3 a 31 investigadores cient\u00edficos ser ahora sujetos de procesos judiciales que, ordenados y encabezados por <strong>Gertz<\/strong> desde la FGR, pretenden llevarlos a cumplir sentencias absurdas en penales de m\u00e1xima seguridad, junto a l\u00edderes de c\u00e1rteles y de la delincuencia organizada.<\/p>\n<p>As\u00ed, luego de meses de vivir la peor de las pesadillas donde el uso del aparato de justicia se mueve con base a la venganza personal del fiscal, quien a su vez ha sido apoyado en todo por el presidente <strong>Andr\u00e9s Manuel L\u00f3pez Obrador<\/strong>, y ante el silencio e inacci\u00f3n de la Suprema Corte y de la Judicatura, la comunidad cient\u00edfica reaccion\u00f3 finalmente ayer con este proceso.<\/p>\n<p>Los 77 investigadores demandantes -en su mayor\u00eda integrantes del SIN-, provienen de todas las \u00e1reas del conocimiento y de 35 entidades acad\u00e9micas distintas; 55 son Investigadores Nacionales en diferentes niveles; 7 de ellos em\u00e9ritos.<\/p>\n<p>En su petici\u00f3n, el grupo recuerdan que el ahora fiscal \u201cmostr\u00f3 como documentos probatorios de su trabajo acad\u00e9mico al menos dos libros con abundantes plagios, entendidos estos como la acci\u00f3n de presentar un texto ajeno como propio, sin ning\u00fan tipo de signo o de aviso que remita a la obra del autor original\u201d.<\/p>\n<p>Lo hecho por <strong>Gertz,<\/strong> afirman, \u201cda\u00f1a la \u00e9tica consustancial al trabajo acad\u00e9mico pues, adem\u00e1s de quebrantar el sistema mismo del conocimiento y su transmisi\u00f3n, viola los derechos morales y patrimoniales del verdadero autor y, al erradicar su m\u00e9rito, lo hace sujeto de discriminaci\u00f3n, lo mismo que al lector al que desea enga\u00f1ar\u201d.<\/p>\n<p>Cierran su exigencia de revisi\u00f3n del caso <strong>Gertz<\/strong> al indicar que:<\/p>\n<p>\u201cDado que tanto el Presidente de la Rep\u00fablica, Lic. <strong>Andr\u00e9s Manuel L\u00f3pez Obrador<\/strong>, como la directora del Conacyt, Dra. <strong>Mar\u00eda Elena \u00c1lvarez-Buylla<\/strong>, han convocado a la honestidad y a combatir la corrupci\u00f3n en todas sus formas, y dado que el plagio acad\u00e9mico es una forma de corrupci\u00f3n, denunciamos estos hechos para el bien del SNI, la comunidad cient\u00edfica y el pueblo en general y exigimos se le d\u00e9 debido proceso\u201d.<\/p>\n<p>El primer paso est\u00e1 dado.<\/p>\n<p style=\"text-align: center;\"><strong>Acuerdo Senado-Uni\u00f3n Europea<br \/>\n<\/strong><\/p>\n<p>El presidente de la Junta de Coordinaci\u00f3n Pol\u00edtica del Senado, el zacatecano <strong>Ricardo Monreal<\/strong> sum\u00f3 ayer a esta C\u00e1mara a un sistema de cooperaci\u00f3n con la Uni\u00f3n Europea para implementar estrategias conjuntas contra las consecuencias de la pandemia de Covid.<\/p>\n<p>En un encuentro con miembros del Parlamento Europeo, <strong>Monreal<\/strong> dijo que este es apenas un primer paso para enfrentar retos mayores.<\/p>\n<p>\u201cTenemos temas pendientes de conversar, en donde coincidimos: la paz global, la migraci\u00f3n, el impulso a la democracia, el respeto a los derechos humanos, la protecci\u00f3n del planeta, la reactivaci\u00f3n econ\u00f3mica, la cohesi\u00f3n social y el combate a la violencia\u201d, enumer\u00f3.<\/p>\n<p>Los visitantes indicaron su inter\u00e9s por impulsar la ampliaci\u00f3n del acuerdo comercial de la UE con M\u00e9xico a la vez que el an\u00e1lisis del fen\u00f3meno de la migraci\u00f3n regional, la sustentabilidad ambiental, los derechos humanos, el combate contra los feminicidios, pol\u00edticas comunes de lucha en contra de la corrupci\u00f3n y transparencia en las licitaciones p\u00fablicas.<\/p>\n<p><em><a href=\"mailto:rvizcainoa@gmail.com\" target=\"_blank\" rel=\"noopener noreferrer\">rvizcainoa@gmail.com<\/a><br \/>\n<a href=\"http:\/\/endirecto.mx\" target=\"_blank\" rel=\"noopener noreferrer\">www.endirecto.mx<\/a><br \/>\n<a href=\"https:\/\/twitter.com\/_rvizcaino\" target=\"_blank\" rel=\"noopener noreferrer\">@_RVizcaino<\/a><br \/>\n<a href=\"https:\/\/www.facebook.com\/rvizcainoa\" target=\"_blank\" rel=\"noopener noreferrer\">facebook.com\/rvizcainoa<\/a><\/em><\/p>\n","protected":false},"excerpt":{"rendered":"<p><span style=\"color: #005497;\"><strong>Roberto Vizca\u00edno<\/strong><\/span><br \/>\n<br \/>\nUn grupo de 77 reconocidos cient\u00edficos exigi\u00f3 ayer a la Junta de Honor del Sistema Nacional de Investigadores -el m\u00e1ximo organismo en esa \u00e1rea-, reabrir el caso de c\u00f3mo el ahora Fiscal General de la Rep\u00fablica, <strong>Alejandro Gertz,<\/strong> alcanz\u00f3 ser reconocido por el Conacyt de la 4T con el grado de <strong>Investigador Nacional 3, <\/strong>a pesar de haber cometido inocultables plagios.<\/p>\n","protected":false},"author":3,"featured_media":0,"comment_status":"open","ping_status":"open","sticky":false,"template":"","format":"standard","meta":{"_monsterinsights_skip_tracking":false,"_monsterinsights_sitenote_active":false,"_monsterinsights_sitenote_note":"","_monsterinsights_sitenote_category":0,"footnotes":""},"categories":[136],"tags":[43674,93,94],"class_list":["post-525610","post","type-post","status-publish","format-standard","hentry","category-roberto-vizcaino-opinion","tag-opinion","tag-roberto-vizcaino","tag-tras-la-puerta-del-poder"],"_links":{"self":[{"href":"https:\/\/www.diarioimagen.net\/index.php?rest_route=\/wp\/v2\/posts\/525610","targetHints":{"allow":["GET"]}}],"collection":[{"href":"https:\/\/www.diarioimagen.net\/index.php?rest_route=\/wp\/v2\/posts"}],"about":[{"href":"https:\/\/www.diarioimagen.net\/index.php?rest_route=\/wp\/v2\/types\/post"}],"author":[{"embeddable":true,"href":"https:\/\/www.diarioimagen.net\/index.php?rest_route=\/wp\/v2\/users\/3"}],"replies":[{"embeddable":true,"href":"https:\/\/www.diarioimagen.net\/index.php?rest_route=%2Fwp%2Fv2%2Fcomments&post=525610"}],"version-history":[{"count":0,"href":"https:\/\/www.diarioimagen.net\/index.php?rest_route=\/wp\/v2\/posts\/525610\/revisions"}],"wp:attachment":[{"href":"https:\/\/www.diarioimagen.net\/index.php?rest_route=%2Fwp%2Fv2%2Fmedia&parent=525610"}],"wp:term":[{"taxonomy":"category","embeddable":true,"href":"https:\/\/www.diarioimagen.net\/index.php?rest_route=%2Fwp%2Fv2%2Fcategories&post=525610"},{"taxonomy":"post_tag","embeddable":true,"href":"https:\/\/www.diarioimagen.net\/index.php?rest_route=%2Fwp%2Fv2%2Ftags&post=525610"}],"curies":[{"name":"wp","href":"https:\/\/api.w.org\/{rel}","templated":true}]}}