{"id":525652,"date":"2021-11-01T00:03:52","date_gmt":"2021-11-01T06:03:52","guid":{"rendered":"https:\/\/www.diarioimagen.net\/?p=525652"},"modified":"2021-11-02T01:21:13","modified_gmt":"2021-11-02T07:21:13","slug":"mexico-y-gobiernos-centroamericanos-mantendran-politica-migratoria-de-contencion","status":"publish","type":"post","link":"https:\/\/www.diarioimagen.net\/?p=525652","title":{"rendered":"M\u00e9xico y gobiernos centroamericanos mantendr\u00e1n pol\u00edtica migratoria de contenci\u00f3n"},"content":{"rendered":"<p><em>\u00a0<\/em><\/p>\n<ul>\n<li><strong><em>La profesora e investigadora del Centro Universitario UAEM Valle de M\u00e9xico, Luisa Gabriela Morales Vega, destac\u00f3 que hay signos muy claros que demuestran que estas acciones son una extensi\u00f3n de la pol\u00edtica migratoria estadounidense<\/em><\/strong><\/li>\n<\/ul>\n<p>&nbsp;<\/p>\n<p>&nbsp;<\/p>\n<p>&nbsp;<\/p>\n<div id=\"attachment_525694\" style=\"width: 310px\" class=\"wp-caption alignright\"><a href=\"https:\/\/www.diarioimagen.net\/?attachment_id=525694\" rel=\"attachment wp-att-525694\"><img loading=\"lazy\" decoding=\"async\" aria-describedby=\"caption-attachment-525694\" class=\" wp-image-525694\" src=\"https:\/\/www.diarioimagen.net\/wp-content\/uploads\/2021\/11\/Uaem.jpg\" alt=\"\" width=\"300\" height=\"450\" \/><\/a><p id=\"caption-attachment-525694\" class=\"wp-caption-text\">La Doctora en Derecho, Luisa Gabriela Morales Vega, indic\u00f3 que el presidente L\u00f3pez Obrador tiene un discurso m\u00e1s bien indefinido y trata de disfrazarlo de no intervenci\u00f3n.<\/p><\/div>\n<p><strong>Toluca, Estado de M\u00e9xico.\u2014 <\/strong>En el corto plazo, M\u00e9xico endurecer\u00e1 su pol\u00edtica migratoria de contenci\u00f3n. M\u00e1s Guardia Nacional y fuerzas armadas tomar\u00e1n acciones contra los migrantes, previ\u00f3 la profesora e investigadora del Centro Universitario Valle de M\u00e9xico de la Universidad Aut\u00f3noma del Estado de M\u00e9xico (UAEM), Luisa Gabriela Morales Vega.<\/p>\n<p>La Doctora en Derecho e integrante del Sistema Nacional de Investigadores (SNI) destac\u00f3 que hay signos muy claros que demuestran que estas acciones son una extensi\u00f3n de la pol\u00edtica migratoria estadounidense.<\/p>\n<p>\u201cEn 2019, el expresidente Donald Trump y el presidente Andr\u00e9s Manuel L\u00f3pez Obrador tomaron un acuerdo, sin seguir ninguna regla de la diplomacia o procedimientos de lo que ser\u00eda realmente un tratado internacional: intercambiar aranceles por la contenci\u00f3n pol\u00edtica que ten\u00eda que hacer M\u00e9xico\u201d, abund\u00f3.<\/p>\n<p>Es clara, dijo, la directriz del gobierno federal: detener. Ha echado a andar una pol\u00edtica de contenci\u00f3n muy agresiva y eficaz, que tiene que ver con estos acuerdos bilaterales de cooperaci\u00f3n, donde M\u00e9xico, desafortunadamente, lleva la peor parte, que consiste en contener estos grandes flujos migratorios\u201d.<\/p>\n<p>\u201cMuchos lo hemos calificado como una externalizaci\u00f3n fronteriza del control migratorio de Estados Unidos, en la que adem\u00e1s de M\u00e9xico, participan los gobiernos de pa\u00edses como Guatemala, El Salvador y Honduras, que hacen lo propio con sus propios pueblos\u201d.<\/p>\n<p>Al respecto, indic\u00f3, el presidente L\u00f3pez Obrador tiene un discurso m\u00e1s bien indefinido y trata de disfrazarlo de no intervenci\u00f3n, de relaciones pac\u00edficas, de reconocimiento, cuando en realidad lo que ha hecho es aceptar una imposici\u00f3n de la pol\u00edtica migratoria estadounidense.<\/p>\n<p>Por su parte, se\u00f1al\u00f3 Luisa Gabriela Morales Vega, el gobierno norteamericano tiene sus protocolos de protecci\u00f3n a migrantes, su pol\u00edtica de contenci\u00f3n, pero ante la incapacidad de procesar tantas solicitudes, obligan a los pa\u00edses del sur a evitarlo.<\/p>\n","protected":false},"excerpt":{"rendered":"<p>En el corto plazo, M\u00e9xico endurecer\u00e1 su pol\u00edtica migratoria de contenci\u00f3n. M\u00e1s Guardia Nacional y fuerzas armadas tomar\u00e1n acciones contra los migrantes, previ\u00f3 la profesora e investigadora del Centro Universitario Valle de M\u00e9xico de la Universidad Aut\u00f3noma del Estado de M\u00e9xico (UAEM), Luisa Gabriela Morales Vega.<\/p>\n","protected":false},"author":3,"featured_media":525695,"comment_status":"open","ping_status":"open","sticky":false,"template":"","format":"standard","meta":{"_monsterinsights_skip_tracking":false,"_monsterinsights_sitenote_active":false,"_monsterinsights_sitenote_note":"","_monsterinsights_sitenote_category":0,"footnotes":""},"categories":[5],"tags":[43675,93963,452],"class_list":["post-525652","post","type-post","status-publish","format-standard","has-post-thumbnail","hentry","category-estado-de-mexico","tag-estado-de-mexico","tag-luisa-gabriela-morales-vega","tag-toluca"],"_links":{"self":[{"href":"https:\/\/www.diarioimagen.net\/index.php?rest_route=\/wp\/v2\/posts\/525652","targetHints":{"allow":["GET"]}}],"collection":[{"href":"https:\/\/www.diarioimagen.net\/index.php?rest_route=\/wp\/v2\/posts"}],"about":[{"href":"https:\/\/www.diarioimagen.net\/index.php?rest_route=\/wp\/v2\/types\/post"}],"author":[{"embeddable":true,"href":"https:\/\/www.diarioimagen.net\/index.php?rest_route=\/wp\/v2\/users\/3"}],"replies":[{"embeddable":true,"href":"https:\/\/www.diarioimagen.net\/index.php?rest_route=%2Fwp%2Fv2%2Fcomments&post=525652"}],"version-history":[{"count":0,"href":"https:\/\/www.diarioimagen.net\/index.php?rest_route=\/wp\/v2\/posts\/525652\/revisions"}],"wp:featuredmedia":[{"embeddable":true,"href":"https:\/\/www.diarioimagen.net\/index.php?rest_route=\/wp\/v2\/media\/525695"}],"wp:attachment":[{"href":"https:\/\/www.diarioimagen.net\/index.php?rest_route=%2Fwp%2Fv2%2Fmedia&parent=525652"}],"wp:term":[{"taxonomy":"category","embeddable":true,"href":"https:\/\/www.diarioimagen.net\/index.php?rest_route=%2Fwp%2Fv2%2Fcategories&post=525652"},{"taxonomy":"post_tag","embeddable":true,"href":"https:\/\/www.diarioimagen.net\/index.php?rest_route=%2Fwp%2Fv2%2Ftags&post=525652"}],"curies":[{"name":"wp","href":"https:\/\/api.w.org\/{rel}","templated":true}]}}