{"id":525671,"date":"2021-11-01T00:01:16","date_gmt":"2021-11-01T06:01:16","guid":{"rendered":"https:\/\/www.diarioimagen.net\/?p=525671"},"modified":"2021-11-01T05:14:04","modified_gmt":"2021-11-01T11:14:04","slug":"operativo-en-panteones-de-tlalnepantla-para-salvaguardar-a-visitantes-y-evitar-contagios","status":"publish","type":"post","link":"https:\/\/www.diarioimagen.net\/?p=525671","title":{"rendered":"Operativo en panteones de Tlalnepantla para salvaguardar a visitantes y evitar contagios"},"content":{"rendered":"<p>&nbsp;<\/p>\n<ul>\n<li><strong><em>Se espera un aforo de 75 mil personas<\/em><\/strong><\/li>\n<\/ul>\n<p>&nbsp;<\/p>\n<div id=\"attachment_525726\" style=\"width: 470px\" class=\"wp-caption aligncenter\"><a href=\"https:\/\/www.diarioimagen.net\/?attachment_id=525726\" rel=\"attachment wp-att-525726\"><img loading=\"lazy\" decoding=\"async\" aria-describedby=\"caption-attachment-525726\" class=\"size-full wp-image-525726\" src=\"https:\/\/www.diarioimagen.net\/wp-content\/uploads\/2021\/11\/tlalnepantla.jpg\" alt=\"\" width=\"460\" height=\"270\" \/><\/a><p id=\"caption-attachment-525726\" class=\"wp-caption-text\">Operativo \u201cPanteones 2021\u201d para salvaguardar la integridad de los habitantes, adem\u00e1s de prevenir y mitigar el contagio de Covid-19 en los 17 camposantos\u00a0 de Tlalnepantla.<\/p><\/div>\n<p>&nbsp;<\/p>\n<p><strong>Tlalnepantla, Estado de M\u00e9xico.\u2014<\/strong> El gobierno de Tlalnepantla implement\u00f3 el operativo \u201cPanteones 2021\u201d en el que participan diversas \u00e1reas de la administraci\u00f3n municipal para salvaguardar la integridad de los habitantes adem\u00e1s de prevenir y mitigar el contagio de Covid-19 en los 17 camposantos de Nuestra Ciudad durante los festejos de D\u00eda de muertos. Se espera un aforo de 75 mil personas del 29 de octubre al 2 de noviembre.<\/p>\n<p>La administraci\u00f3n que encabeza Raciel P\u00e9rez Cruz inform\u00f3 que en el operativo participan elementos de la Comisar\u00eda General de Seguridad P\u00fablica (CGSP), de la Coordinaci\u00f3n Municipal de Protecci\u00f3n Civil y del Organismo P\u00fablico Descentralizado para la Presentaci\u00f3n de los Servicios de Agua Potable, Alcantarillado y Saneamiento (OPDM), trabajadores de las direcciones de Servicios y Mantenimiento Urbano y Promoci\u00f3n Econ\u00f3mica, tambi\u00e9n apoyan Servidores Comunitarios.<\/p>\n<p>El operativo Panteones 2021 inici\u00f3 a las 7:00 horas, con la realizaci\u00f3n de recorridos al interior de estos, adem\u00e1s se instalaron unidades F\u00e9nix, bomberos y personal de Protecci\u00f3n Civil en puntos estrat\u00e9gicos para atender cualquier emergencia.<\/p>\n<p>A la entrada de los panteones se encuentra personal de la administraci\u00f3n municipal tomando temperatura y entregando gel antibacterial; se exhorta a los asistentes a utilizar en todo momento el cubrebocas y mantener la sana distancia.<\/p>\n","protected":false},"excerpt":{"rendered":"<p>El gobierno de Tlalnepantla implement\u00f3 el operativo \u201cPanteones 2021\u201d en el que participan diversas \u00e1reas de la administraci\u00f3n municipal para salvaguardar la integridad de los habitantes adem\u00e1s de prevenir y mitigar el contagio de Covid-19 en los 17 camposantos de Nuestra Ciudad durante los festejos de D\u00eda de muertos. Se espera un aforo de 75 mil personas del 29 de octubre al 2 de noviembre.<\/p>\n","protected":false},"author":3,"featured_media":525726,"comment_status":"open","ping_status":"open","sticky":false,"template":"","format":"standard","meta":{"_monsterinsights_skip_tracking":false,"_monsterinsights_sitenote_active":false,"_monsterinsights_sitenote_note":"","_monsterinsights_sitenote_category":0,"footnotes":""},"categories":[5],"tags":[90716,43675,64913,93438,169],"class_list":["post-525671","post","type-post","status-publish","format-standard","has-post-thumbnail","hentry","category-estado-de-mexico","tag-contagios","tag-estado-de-mexico","tag-evitar","tag-salvaguardar","tag-tlalnepantla"],"_links":{"self":[{"href":"https:\/\/www.diarioimagen.net\/index.php?rest_route=\/wp\/v2\/posts\/525671","targetHints":{"allow":["GET"]}}],"collection":[{"href":"https:\/\/www.diarioimagen.net\/index.php?rest_route=\/wp\/v2\/posts"}],"about":[{"href":"https:\/\/www.diarioimagen.net\/index.php?rest_route=\/wp\/v2\/types\/post"}],"author":[{"embeddable":true,"href":"https:\/\/www.diarioimagen.net\/index.php?rest_route=\/wp\/v2\/users\/3"}],"replies":[{"embeddable":true,"href":"https:\/\/www.diarioimagen.net\/index.php?rest_route=%2Fwp%2Fv2%2Fcomments&post=525671"}],"version-history":[{"count":0,"href":"https:\/\/www.diarioimagen.net\/index.php?rest_route=\/wp\/v2\/posts\/525671\/revisions"}],"wp:featuredmedia":[{"embeddable":true,"href":"https:\/\/www.diarioimagen.net\/index.php?rest_route=\/wp\/v2\/media\/525726"}],"wp:attachment":[{"href":"https:\/\/www.diarioimagen.net\/index.php?rest_route=%2Fwp%2Fv2%2Fmedia&parent=525671"}],"wp:term":[{"taxonomy":"category","embeddable":true,"href":"https:\/\/www.diarioimagen.net\/index.php?rest_route=%2Fwp%2Fv2%2Fcategories&post=525671"},{"taxonomy":"post_tag","embeddable":true,"href":"https:\/\/www.diarioimagen.net\/index.php?rest_route=%2Fwp%2Fv2%2Ftags&post=525671"}],"curies":[{"name":"wp","href":"https:\/\/api.w.org\/{rel}","templated":true}]}}