{"id":525746,"date":"2021-11-01T00:03:54","date_gmt":"2021-11-01T06:03:54","guid":{"rendered":"https:\/\/www.diarioimagen.net\/?p=525746"},"modified":"2021-11-02T03:46:29","modified_gmt":"2021-11-02T09:46:29","slug":"unam-mas-de-400-mil-a-pensar-igual-que-amlo-o","status":"publish","type":"post","link":"https:\/\/www.diarioimagen.net\/?p=525746","title":{"rendered":"UNAM, m\u00e1s de 400 mil a pensar igual que AMLO,\u00a0 o\u2026"},"content":{"rendered":"<h2>Espacio Electoral<\/h2>\n<h5>Eleazar Flores<\/h5>\n<p>&nbsp;<\/p>\n<p><b>M\u00c1S DISTRACTORES-.<\/b> La gloriosa UNAM -du\u00e9lale a quien ya sabe-, cuenta con m\u00e1s de<span class=\"Apple-converted-space\">\u00a0 <\/span>360 mil alumnos, casi 42 mil catedr\u00e1ticos y m\u00e1s de 30 mil trabajadores entre administrativos y operativos del centro e interior del pa\u00eds, quienes de no pensar como el padre de la Cuarta Transformaci\u00f3n pasan a considerarse derechistas, conservadores o neoliberales.<\/p>\n<p>O sea que m\u00e1s de 430 mil cabezas dis\u00edmbolas, por el simple hecho de estar bajo cielo y banderas auriazules, tienen que coincidir con las pol\u00edticas del Movimiento Regeneraci\u00f3n Nacional, Morena.<\/p>\n<p>Menos mal que el padre de la Cuarta Transformaci\u00f3n ya enderez\u00f3 el blanco de sus ataques a otros sectores progresistas de la poblaci\u00f3n -muchos de ellos incubados en la propia UNAM como es l\u00f3gico-, siendo estos los grupos ecologistas y feministas, a quienes -para variar-, el tabasque\u00f1o<span class=\"Apple-converted-space\">\u00a0 <\/span>acusa a integrantes de esos gremios descubrir formas de robar.<span class=\"Apple-converted-space\">\u00a0<\/span><\/p>\n<p>No s\u00e9 cu\u00e1nto tiempo le dure al Presidente de la Rep\u00fablica mantener esa bandera antifeminista y antiecologista, justo cuando el poderoso grupo de los 20, G20, se re\u00fane en el pa\u00eds de la bota, Italia, para dilucidar las pol\u00edticas a seguir en muchas materias pendientes, entre ellas justamente la relacionada al cuidado de la naturaleza, bosques, selvas, mares y vida animal.<\/p>\n<p><b>REGRESO A UNAM-.<\/b> Por hemeroteca, bibliograf\u00eda y la insustituible comunicaci\u00f3n \u201cde boca en boca\u201d, directa de maestros en diplomados, compa\u00f1eros de trabajo, colaboradores y amigos cercanos, s\u00e9 y he comprobado a satisfacci\u00f3n que la Universidad Nacional Aut\u00f3noma de M\u00e9xico es de las mejores del mundo\u2026 que podr\u00eda ser mejor, por supuesto, hasta este gobierno incluso, por ser algo aspiracional y natural.<\/p>\n<p>Cheque por ejemplo la cuna del saber de nuestros pocos, pero famosos y dignos de presumir en todo el mundo Premios Nobel en Literatura, Ciencias y dem\u00e1s. Garc\u00eda Robles, Molina y Octavio Paz, mexicanos de excepci\u00f3n, orgullosamente UNAM y que si son aficionados a alg\u00fan deporte seguramente le ir\u00e1n a los Pumas, antes que a los Diablos Rojos del M\u00e9xico o a los Tigres.<\/p>\n<p>\u00bfEn qu\u00e9 cabeza normal cabe la idea de pedir que los m\u00e1s de 300 mil docentes universitarios o los casi 40 mil trabajadores administrativos y operativos de la instituci\u00f3n, que fueron pioneros en actividades gremiales, dando vida sindicalismo nunca antes visto en la instituci\u00f3n? Es una buena tarea que me dej\u00f3 el filoso Don Teofilito y le pido ayuda para responderle.<\/p>\n<p>Ojal\u00e1 y discursos antiecologistas y antifeministas -totalmente injustificados como los califica la Human Rights Watch que encabeza Jos\u00e9 Manuel Vivanco- paren, pero por favor ya dejen en paz a la UNAM.<span class=\"Apple-converted-space\">\u00a0 <\/span>\u00bfO ser\u00e1n obra de un desquiciado como asegura Vivanco?<\/p>\n<p><em><a href=\"mailto:elefa44@gmail.com\" target=\"_blank\" rel=\"noopener noreferrer\">elefa44@gmail.com<\/a><\/em><\/p>\n","protected":false},"excerpt":{"rendered":"<p><span style=\"color: #005497;\"><strong>Eleazar Flores<\/strong><\/span><\/p>\n","protected":false},"author":1,"featured_media":0,"comment_status":"open","ping_status":"open","sticky":false,"template":"","format":"standard","meta":{"_monsterinsights_skip_tracking":false,"_monsterinsights_sitenote_active":false,"_monsterinsights_sitenote_note":"","_monsterinsights_sitenote_category":0,"footnotes":""},"categories":[81743],"tags":[81744,81776,43674],"class_list":["post-525746","post","type-post","status-publish","format-standard","hentry","category-eleazar-flores","tag-eleazar-flores","tag-espacio-electoral","tag-opinion"],"_links":{"self":[{"href":"https:\/\/www.diarioimagen.net\/index.php?rest_route=\/wp\/v2\/posts\/525746","targetHints":{"allow":["GET"]}}],"collection":[{"href":"https:\/\/www.diarioimagen.net\/index.php?rest_route=\/wp\/v2\/posts"}],"about":[{"href":"https:\/\/www.diarioimagen.net\/index.php?rest_route=\/wp\/v2\/types\/post"}],"author":[{"embeddable":true,"href":"https:\/\/www.diarioimagen.net\/index.php?rest_route=\/wp\/v2\/users\/1"}],"replies":[{"embeddable":true,"href":"https:\/\/www.diarioimagen.net\/index.php?rest_route=%2Fwp%2Fv2%2Fcomments&post=525746"}],"version-history":[{"count":0,"href":"https:\/\/www.diarioimagen.net\/index.php?rest_route=\/wp\/v2\/posts\/525746\/revisions"}],"wp:attachment":[{"href":"https:\/\/www.diarioimagen.net\/index.php?rest_route=%2Fwp%2Fv2%2Fmedia&parent=525746"}],"wp:term":[{"taxonomy":"category","embeddable":true,"href":"https:\/\/www.diarioimagen.net\/index.php?rest_route=%2Fwp%2Fv2%2Fcategories&post=525746"},{"taxonomy":"post_tag","embeddable":true,"href":"https:\/\/www.diarioimagen.net\/index.php?rest_route=%2Fwp%2Fv2%2Ftags&post=525746"}],"curies":[{"name":"wp","href":"https:\/\/api.w.org\/{rel}","templated":true}]}}