{"id":525761,"date":"2021-11-02T00:03:02","date_gmt":"2021-11-02T06:03:02","guid":{"rendered":"https:\/\/www.diarioimagen.net\/?p=525761"},"modified":"2021-11-02T06:13:56","modified_gmt":"2021-11-02T12:13:56","slug":"reconocimiento-a-tlalnepantla-por-el-manejo-racional-y-transparente-de-las-finanzas-publicas","status":"publish","type":"post","link":"https:\/\/www.diarioimagen.net\/?p=525761","title":{"rendered":"Reconocimiento a Tlalnepantla por el manejo racional y transparente de las finanzas p\u00fablicas"},"content":{"rendered":"<p>&nbsp;<\/p>\n<ul>\n<li><strong><em>Distinci\u00f3n al esfuerzo hacendario<\/em><\/strong><\/li>\n<\/ul>\n<p>&nbsp;<\/p>\n<div id=\"attachment_525874\" style=\"width: 470px\" class=\"wp-caption aligncenter\"><a href=\"https:\/\/www.diarioimagen.net\/?attachment_id=525874\" rel=\"attachment wp-att-525874\"><img loading=\"lazy\" decoding=\"async\" aria-describedby=\"caption-attachment-525874\" class=\"size-full wp-image-525874\" src=\"https:\/\/www.diarioimagen.net\/wp-content\/uploads\/2021\/11\/tlalnepantla-1.jpg\" alt=\"\" width=\"460\" height=\"270\" \/><\/a><p id=\"caption-attachment-525874\" class=\"wp-caption-text\">La administraci\u00f3n que preside el alcalde Raciel P\u00e9rez Cruz recibi\u00f3 el reconocimiento por el manejo racional y transparente de las finanzas p\u00fablicas y la pol\u00edtica de austeridad en el uso de los recursos.<\/p><\/div>\n<p>&nbsp;<\/p>\n<p><strong>Tlalnepantla, Estado de M\u00e9xico.\u2014<\/strong> El gobierno de Tlalnepantla obtuvo el primer lugar en el certamen Reconocimiento al Esfuerzo Hacendario \u2018Jos\u00e9 Mar\u00eda Morelos\u2019, en la categor\u00eda estatal, otorgado por el Instituto Hacendario del Estado de M\u00e9xico (IHAEM), que depende de la Secretar\u00eda de Finanzas.<\/p>\n<p>La administraci\u00f3n municipal que preside el alcalde Raciel P\u00e9rez Cruz recibi\u00f3 este reconocimiento por el manejo racional y transparente de las finanzas p\u00fablicas y la pol\u00edtica de austeridad en el uso de los recursos.<\/p>\n<p>La Vocal\u00eda Ejecutiva del IHAEM, que encabeza Felipe Serrano Llarena, inform\u00f3 que detr\u00e1s de Tlalnepantla, se ubic\u00f3 Ixtlahuaca y en tercer lugar Tequixquiac, adem\u00e1s se otorgaron cinco menciones especiales.<\/p>\n<p>Temoaya, Nicol\u00e1s Romero, Tlalmanalco, Metepec y Atlacomulco fueron distinguidos por los apartados \u2018Fortalecimiento del marco jur\u00eddico hacendario\u2019, \u2018Participaci\u00f3n en el Sistema de Coordinaci\u00f3n Hacendaria del Estado de M\u00e9xico\u2019, \u2018Manejo adecuado de las finanzas p\u00fablicas\u2019, \u2018Modernizaci\u00f3n predial y catastral\u2019, y \u2018Eficiencia en la gesti\u00f3n del recurso h\u00eddrico\u2019, respectivamente.<\/p>\n","protected":false},"excerpt":{"rendered":"<p>El gobierno de Tlalnepantla obtuvo el primer lugar en el certamen Reconocimiento al Esfuerzo Hacendario \u2018Jos\u00e9 Mar\u00eda Morelos\u2019, en la categor\u00eda estatal, otorgado por el Instituto Hacendario del Estado de M\u00e9xico (IHAEM), que depende de la Secretar\u00eda de Finanzas.<\/p>\n","protected":false},"author":3,"featured_media":525874,"comment_status":"open","ping_status":"open","sticky":false,"template":"","format":"standard","meta":{"_monsterinsights_skip_tracking":false,"_monsterinsights_sitenote_active":false,"_monsterinsights_sitenote_note":"","_monsterinsights_sitenote_category":0,"footnotes":""},"categories":[5],"tags":[43675,88096,169,93969],"class_list":["post-525761","post","type-post","status-publish","format-standard","has-post-thumbnail","hentry","category-estado-de-mexico","tag-estado-de-mexico","tag-manejo","tag-tlalnepantla","tag-transpareente"],"_links":{"self":[{"href":"https:\/\/www.diarioimagen.net\/index.php?rest_route=\/wp\/v2\/posts\/525761","targetHints":{"allow":["GET"]}}],"collection":[{"href":"https:\/\/www.diarioimagen.net\/index.php?rest_route=\/wp\/v2\/posts"}],"about":[{"href":"https:\/\/www.diarioimagen.net\/index.php?rest_route=\/wp\/v2\/types\/post"}],"author":[{"embeddable":true,"href":"https:\/\/www.diarioimagen.net\/index.php?rest_route=\/wp\/v2\/users\/3"}],"replies":[{"embeddable":true,"href":"https:\/\/www.diarioimagen.net\/index.php?rest_route=%2Fwp%2Fv2%2Fcomments&post=525761"}],"version-history":[{"count":0,"href":"https:\/\/www.diarioimagen.net\/index.php?rest_route=\/wp\/v2\/posts\/525761\/revisions"}],"wp:featuredmedia":[{"embeddable":true,"href":"https:\/\/www.diarioimagen.net\/index.php?rest_route=\/wp\/v2\/media\/525874"}],"wp:attachment":[{"href":"https:\/\/www.diarioimagen.net\/index.php?rest_route=%2Fwp%2Fv2%2Fmedia&parent=525761"}],"wp:term":[{"taxonomy":"category","embeddable":true,"href":"https:\/\/www.diarioimagen.net\/index.php?rest_route=%2Fwp%2Fv2%2Fcategories&post=525761"},{"taxonomy":"post_tag","embeddable":true,"href":"https:\/\/www.diarioimagen.net\/index.php?rest_route=%2Fwp%2Fv2%2Ftags&post=525761"}],"curies":[{"name":"wp","href":"https:\/\/api.w.org\/{rel}","templated":true}]}}