{"id":525763,"date":"2021-11-02T00:02:58","date_gmt":"2021-11-02T06:02:58","guid":{"rendered":"https:\/\/www.diarioimagen.net\/?p=525763"},"modified":"2021-11-02T06:11:46","modified_gmt":"2021-11-02T12:11:46","slug":"realizan-en-naucalpan-el-mictonaliztli-2021-en-el-teatro-al-aire-libre-de-los-remedios","status":"publish","type":"post","link":"https:\/\/www.diarioimagen.net\/?p=525763","title":{"rendered":"Realizan en Naucalpan el Mictonaliztli 2021 en el Teatro al Aire Libre de Los Remedios"},"content":{"rendered":"<p>&nbsp;<\/p>\n<ul>\n<li><strong><em>Llama David Parra a mantener vivas las tradiciones<\/em><\/strong><\/li>\n<\/ul>\n<p>&nbsp;<\/p>\n<div id=\"attachment_525871\" style=\"width: 470px\" class=\"wp-caption aligncenter\"><a href=\"https:\/\/www.diarioimagen.net\/?attachment_id=525871\" rel=\"attachment wp-att-525871\"><img loading=\"lazy\" decoding=\"async\" aria-describedby=\"caption-attachment-525871\" class=\"size-full wp-image-525871\" src=\"https:\/\/www.diarioimagen.net\/wp-content\/uploads\/2021\/11\/naucalpan.jpg\" alt=\"\" width=\"460\" height=\"270\" \/><\/a><p id=\"caption-attachment-525871\" class=\"wp-caption-text\">Al asistir al \u201cMictonaliztli 2021\u201d, en el Teatro al Aire Libre de los Remedios, evento que organiz\u00f3 la CNOP de Naucalpan, Davi Parra S\u00e1nchez destac\u00f3 que en M\u00e9xico cobra relevante importancia en estos tiempos, el D\u00eda de Muertos.<\/p><\/div>\n<p>&nbsp;<\/p>\n<p><strong>Naucalpan, Estado de M\u00e9xico.\u2014<\/strong> El diputado local David Parra S\u00e1nchez llam\u00f3 a los vecinos de Naucalpan a mantener vivas las tradiciones como lo es el D\u00eda de Muertos, y difundir entre la sociedad, la ancestral celebraci\u00f3n.<\/p>\n<p>Manifest\u00f3 que la festividad ind\u00edgena comenz\u00f3 a formar parte de la lista del Patrimonio Oral e Inmaterial de la Humanidad de la UNESCO (Organizaci\u00f3n de las Naciones Unidas para la Educaci\u00f3n, la Ciencia y la Cultura), a partir del 7 de noviembre de 2003.<\/p>\n<p>Al asistir al \u201cMictonaliztli 2021\u201d, en el Teatro al Aire Libre de los Remedios, evento que organiz\u00f3 la CNOP de Naucalpan, cuyo secretario general de este sector pri\u00edsta es Carlos Gil Reyes, Parra S\u00e1nchez destac\u00f3 que en M\u00e9xico cobra relevante importancia en estos tiempos, el D\u00eda de Muertos.<\/p>\n<p>Se\u00f1al\u00f3 que para \u201cnuestra cultura y sus pueblos originarios, el morir m\u00e1s que otra cosa, significa caminar, de pasar de un estado a otro y trascender tambi\u00e9n, a otro plano existencial\u201d.<\/p>\n<p>En compa\u00f1\u00eda de los delegadas y delegados del CDE del PRI, de l\u00edderes sociales y estructuras territoriales, record\u00f3 el deceso de numerosos cuadros del tricolor, amigos y vecinos.<\/p>\n<p>En ellos, a quienes les rindi\u00f3 tributo y de manera especial, a la candidata de su partido, al Distrito Electoral Federal No.022 del Edomex, Maribel Mart\u00ednez Altamirano, que falleci\u00f3 por enfermedad y unos m\u00e1s a consecuencia de la pandemia global de la Covid-19.<\/p>\n<p>En otro orden, el congresista del Distrito Electoral local, No. 032, reconoci\u00f3 el trabajo de las mujeres amas de casa, de la mal llamada zona popular, por el trabajo diario en el hogar y en su comunidad.<\/p>\n<p>Enfatiz\u00f3 que Naucalpan debe seguir caminando fuerte en sus diversas \u00e1reas de oportunidad y asumi\u00f3 el compromiso de mantener vigente este tipo de celebraciones.<\/p>\n<p>Puntualiz\u00f3 que el a\u00f1o que entra, el lograr una verbena popular, una gran fiesta, con los alimentos tradicionales de la Mexicanidad.<\/p>\n<p>Finalmente, los asistentes pudieron disfrutar de un delicioso ponche y a los ni\u00f1os, y j\u00f3venes les entregaron su \u201ccalaverita\u201d, llena de dulces.<\/p>\n","protected":false},"excerpt":{"rendered":"<p>El diputado local David Parra S\u00e1nchez llam\u00f3 a los vecinos de Naucalpan a mantener vivas las tradiciones como lo es el D\u00eda de Muertos, y difundir entre la sociedad, la ancestral celebraci\u00f3n.<\/p>\n","protected":false},"author":3,"featured_media":525871,"comment_status":"open","ping_status":"open","sticky":false,"template":"","format":"standard","meta":{"_monsterinsights_skip_tracking":false,"_monsterinsights_sitenote_active":false,"_monsterinsights_sitenote_note":"","_monsterinsights_sitenote_category":0,"footnotes":""},"categories":[5],"tags":[29035,43675,970],"class_list":["post-525763","post","type-post","status-publish","format-standard","has-post-thumbnail","hentry","category-estado-de-mexico","tag-david-parra-sanchez","tag-estado-de-mexico","tag-naucalpan"],"_links":{"self":[{"href":"https:\/\/www.diarioimagen.net\/index.php?rest_route=\/wp\/v2\/posts\/525763","targetHints":{"allow":["GET"]}}],"collection":[{"href":"https:\/\/www.diarioimagen.net\/index.php?rest_route=\/wp\/v2\/posts"}],"about":[{"href":"https:\/\/www.diarioimagen.net\/index.php?rest_route=\/wp\/v2\/types\/post"}],"author":[{"embeddable":true,"href":"https:\/\/www.diarioimagen.net\/index.php?rest_route=\/wp\/v2\/users\/3"}],"replies":[{"embeddable":true,"href":"https:\/\/www.diarioimagen.net\/index.php?rest_route=%2Fwp%2Fv2%2Fcomments&post=525763"}],"version-history":[{"count":0,"href":"https:\/\/www.diarioimagen.net\/index.php?rest_route=\/wp\/v2\/posts\/525763\/revisions"}],"wp:featuredmedia":[{"embeddable":true,"href":"https:\/\/www.diarioimagen.net\/index.php?rest_route=\/wp\/v2\/media\/525871"}],"wp:attachment":[{"href":"https:\/\/www.diarioimagen.net\/index.php?rest_route=%2Fwp%2Fv2%2Fmedia&parent=525763"}],"wp:term":[{"taxonomy":"category","embeddable":true,"href":"https:\/\/www.diarioimagen.net\/index.php?rest_route=%2Fwp%2Fv2%2Fcategories&post=525763"},{"taxonomy":"post_tag","embeddable":true,"href":"https:\/\/www.diarioimagen.net\/index.php?rest_route=%2Fwp%2Fv2%2Ftags&post=525763"}],"curies":[{"name":"wp","href":"https:\/\/api.w.org\/{rel}","templated":true}]}}