{"id":525818,"date":"2021-11-02T00:08:00","date_gmt":"2021-11-02T06:08:00","guid":{"rendered":"https:\/\/www.diarioimagen.net\/?p=525818"},"modified":"2021-11-02T04:06:36","modified_gmt":"2021-11-02T10:06:36","slug":"por-el-momento-negativa-del-pri-a-una-alianza-con-la-4t","status":"publish","type":"post","link":"https:\/\/www.diarioimagen.net\/?p=525818","title":{"rendered":"Por el momento, negativa del PRI a una alianza con la 4T"},"content":{"rendered":"<h2>Clase Pol\u00edtica<\/h2>\n<h5>Miguel \u00c1ngel Rivera<\/h5>\n<p>&nbsp;<\/p>\n<p>\u201cPor mayor\u00eda de votos, el Consejo Pol\u00edtico Nacional (CPN) del Partido Revolucionario Institucional (PRI) rechaz\u00f3 esta tarde la solicitud de permiso del ex gobernador de Sinaloa, Quirino Ordaz Coppel, para colaborar con el gobierno federal de Morena, y convertirse en embajador, cargo al que fue invitado por el Ejecutivo, y dej\u00f3 en claro que no se permitir\u00e1 dividir a la alianza <strong><em>Va por M\u00e9xico<\/em><\/strong> o a nuestro instituto pol\u00edtico\u201d.<\/p>\n<p>As\u00ed dice el primer p\u00e1rrafo del comunicado oficial del partido tricolor acerca de la decisi\u00f3n de su dirigencia nacional de negarle el permiso al ex gobernador de Sinaloa, Quirino Ordaz Coppel, para aceptar el cargo de embajador en Espa\u00f1a, que le ofreci\u00f3 el presidente Andr\u00e9s Manuel L\u00f3pez Obrador.<\/p>\n<p>Esa recompensa, se dijo oficialmente, se debe a su buen desempe\u00f1o como gobernador.<\/p>\n<p>Precisamente por su reconocido trabajo como gobernador, se consideraba que Sinaloa era uno de los pocos estados que pod\u00eda rescatar en las elecciones efectuadas en junio pasado, sobre todo porque postul\u00f3 a otro pol\u00edtico de prestigio, como el senador Mario Zamora Gast\u00e9lum, quien, si bien no logr\u00f3 ganar por mayor\u00eda, lleg\u00f3 al Senado de primera minor\u00eda.<\/p>\n<p>A pesar de los pron\u00f3sticos positivos, se impuso el candidato de Morena, Rub\u00e9n Rocha Moya tambi\u00e9n senador, reconocido luchador de izquierda, sobre todo dentro del poderoso grupo surgido de la Universidad Aut\u00f3noma de Sinaloa.<\/p>\n<p>Aqu\u00ed se reforzaron las sospechas de que Quirino Ordaz no es priista al ciento por ciento, surgidas desde antes de que fuera postulado al gobierno sinaloense por una coalici\u00f3n donde participaron el PRI, el PVEM y el desaparecido Panal. Anteriormente hab\u00eda sido diputado federal, postulado por el PRI y el PVEM, pero al tomar posesi\u00f3n form\u00f3 parte de la bancada del Verde.<\/p>\n<p>Las sospechas de que, por lo menos, el gobernador Ordaz Coppel no hizo su mayor esfuerzo en favor del PRI es que durante su mandato -reducido a poco m\u00e1s de cuatro a\u00f1os para empatar las elecciones de gobernador con las de presidente de la Rep\u00fablica- tuvo como coordinador de asesores al ahora gobernador Rocha Moya.<\/p>\n<p>El comunicado del tricolor informa que \u201cpor considerar que el ofrecimiento para ser embajador en Espa\u00f1a pretende dividir a la alianza Va por M\u00e9xico y al Partido Revolucionario Institucional (PRI), el Consejo Pol\u00edtico Nacional del tricolor neg\u00f3 el permiso que solicit\u00f3 Quirino Ordaz Coppel, quien fuera gobernador de Sinaloa, para mantener su militancia y colaborar con el gobierno federal surgido de Morena.<\/p>\n<p>\u201cSi, a pesar de la decisi\u00f3n el ex mandatario acepta la invitaci\u00f3n que le hiciera el 10 de septiembre el presidente Andr\u00e9s Manuel L\u00f3pez Obrador, se le iniciar\u00eda un proceso de expulsi\u00f3n que encabezar\u00e1 la Comisi\u00f3n de Justicia Partidaria\u201d<\/p>\n<p>A final de cuentas, en la actualidad, lo menos importante es si Ordaz Coppel respeta la decisi\u00f3n del Consejo Pol\u00edtico Nacional del PRI o acepta la invitaci\u00f3n presidencial de encabezar la embajada en Madrid, cargo que por cierto no ser\u00e1 f\u00e1cil de desempe\u00f1ar por los desencuentros generados por el presidente Andr\u00e9s Manuel L\u00f3pez Obrador por su empe\u00f1o de pedir al gobierno espa\u00f1ol disculparse por los excesos y abusos durante la llamada conquista, que para muchos historiadores fue una lucha entre pueblos ind\u00edgenas (pero esa es otra historia).<\/p>\n<p style=\"text-align: center;\"><strong>La decisi\u00f3n del CPN del PRI anticipa un<br \/>\n\u00bfrechazo a la contrarreforma energ\u00e9tica?<\/strong><\/p>\n<p>Lo trascendente del acuerdo del CPN priista es que se puede considerar un rechazo a una eventual alianza con el gobierno del presidente L\u00f3pez Obrador, quien ha expresado confianza en obtener el respaldo de al menos una corriente del tricolor para consumar su anunciada reforma energ\u00e9tica que desechar\u00eda los cambios que en la materia se consolidaron en el anterior sexenio, encabezado por Enrique Pe\u00f1a Nieto, pero que se empezaron a incubar desde finales del gobierno de Miguel de la Madrid Hurtado, pero tomaron fuerza con Carlos Salinas y Ernesto Zedillo, y continuaron durante los mandatos de los panistas Vicente Fox y Felipe Calder\u00f3n.<\/p>\n<p>Ese es el periodo neoliberal y conservador que tanto repudia el presidente L\u00f3pez Obrador y para revertir los da\u00f1os que le atribuye a conservadores y neoliberales, necesita el respaldo de lo que queda del otrora dominante PRI, pues tiene los votos necesarios para alcanzar en el Congreso de la Uni\u00f3n la mayor\u00eda calificada necesaria para una nueva (contra)reforma constitucional.<\/p>\n<p>En la mencionada sesi\u00f3n del CPN, el presidente del PRI, Alejandro Moreno -quien por cierto era diputado federal cuando se aprob\u00f3 la reforma de Pe\u00f1a Nieto, la cual vot\u00f3 a favor- afirm\u00f3 que su partido ha tomado las decisiones responsables y coherentes con las necesidades que hoy enfrenta y en las cuales ha contado con el respaldo del CPN, que representa la viva voz de todas las representaciones que conforman el instituto pol\u00edtico, y llevan siempre por delante el orgullo de pertenecer al tricolor.<\/p>\n<p>\u201cEs una decisi\u00f3n soberana, democr\u00e1tica, de clara y amplia mayor\u00eda\u201d, puntualiz\u00f3 al clausurar la sesi\u00f3n extraordinaria del CPN en la que se acord\u00f3 rechazar la dispensa solicitada el pasado 13 de septiembre por Quirino Ordaz, despu\u00e9s de que se debati\u00f3, con la participaci\u00f3n de oradores a favor y en contra de permitir al hoy ex mandatario estatal colaborar con un gobierno emanado de un partido distinto del tricolor.<\/p>\n<p>La \u00fanica diputada federal por Sinaloa, Paloma S\u00e1nchez, vot\u00f3 en contra de otorgar la licencia, destaca el comunicado del tricolor. Otra consejera, Maritza Jim\u00e9nez P\u00e9rez, reclam\u00f3 que la dirigencia del PRI en Sinaloa no se sum\u00f3 al recurso de impugnaci\u00f3n que se present\u00f3 en torno a la elecci\u00f3n del 6 de junio.<\/p>\n<p>\u201cEstos actos da\u00f1an y lastiman a nuestra militancia. El priismo sinaloense debe sentirse ofendido, porque est\u00e1 m\u00e1s preocupado por buscar una chamba, en vez de ver por los militantes. Usan siglas y la fortaleza de nuestros militantes cuando as\u00ed les conviene\u201d, dijo la consejera.<\/p>\n<p>En ese texto se destaca, adem\u00e1s, que el ex precandidato presidencial, ex secretario general del partido y ahora nuevamente diputado Augusto G\u00f3mez Villanueva se\u00f1al\u00f3 que ese asunto de la licencia al ex gobernador sinaloense trasciende por las intenciones de socavar la vida interna del partido e intentar sabotear la alianza que se ha logrado integrar con los partidos Acci\u00f3n Nacional (PAN) y de la Revoluci\u00f3n Democr\u00e1tica (PRD).<\/p>\n<p>Otro inconforme, Hiram Hern\u00e1ndez Zetina precis\u00f3 que la solicitud del ex gobernador record\u00f3 tambi\u00e9n las razones por las que se impugn\u00f3 la reciente elecci\u00f3n de gobernador en Sinaloa.<\/p>\n<p>\u201cTodos sabemos los resultados de la elecci\u00f3n del 6 de junio, donde fue noticia y verg\u00fcenza nacional que hubo terror, miedo, violencia, levantones. Se levant\u00f3 a los funcionarios de partido para que no pudieran organizar y movilizar a los priistas a votar\u201d, explic\u00f3.<\/p>\n<p>En esa sesi\u00f3n que, por el momento, sirvi\u00f3 para expresar la inconformidad con una eventual alianza con MorenaA, estuvieron presentes los ex presidentes del PRI Beatriz Paredes Rangel, Dulce Mar\u00eda Sauri, Carolina Monroy, C\u00e9sar Camacho Quiroz, Humberto Roque Villanueva, Jos\u00e9 Antonio Gonz\u00e1lez Fern\u00e1ndez, y los coordinadores parlamentarios Miguel \u00c1ngel Osorio Chong y Rub\u00e9n Moreira.<\/p>\n<p>En esa sesi\u00f3n se nombr\u00f3 a Samuel Palma C\u00e9sar, ex coordinador de asesores del asesinado candidato presidencial Luis Donaldo Colosio, presidente de la Comisi\u00f3n Nacional de Justicia Partidaria, en sustituci\u00f3n del reci\u00e9n fallecido Fernando El\u00edas Calles.<\/p>\n<p style=\"text-align: center;\"><strong>S\u00f3lo dos actos p\u00fablicos del presidente<br \/>\nL\u00f3pez Obrador en Nueva York<\/strong><\/p>\n<p><strong>\u00a0<\/strong>Reacio a los asuntos de pol\u00edtica exterior, el presidente Andr\u00e9s Manuel L\u00f3pez Obrador tendr\u00e1 una muy breve estancia en Nueva York y apenas dos actos p\u00fablicos.<\/p>\n<p>El motivo central del que ser\u00e1 su segundo viaje internacional -el anterior fue tambi\u00e9n a los Estados Unidos, para una reuni\u00f3n con el ex mandatario del vecino pa\u00eds Donald Trump- el jefe del Ejecutivo ser\u00e1 estar presente en la ceremonia en que M\u00e9xico asuma la presidencia del Consejo de Seguridad de la Organizaci\u00f3n de las Naciones Unidas (ONU).<\/p>\n<p>El embajador de M\u00e9xico ante la ONU, Juan Ram\u00f3n de la Fuente, inform\u00f3 que el gobernante mexicano estar\u00e1 en Nueva York menos de 24 horas y que los dos actos p\u00fablicos que tendr\u00e1 ser\u00e1n encabezar la sesi\u00f3n del Consejo de Seguridad y una reuni\u00f3n con el secretario general del organismo internacional, Ant\u00f3nio Guterres.<\/p>\n<p>El propio Presidente anticip\u00f3 que presumir\u00e1 su combate a la corrupci\u00f3n.<\/p>\n<p><em><a href=\"mailto:riparcangel@hotmail.com\" target=\"_blank\" rel=\"noopener noreferrer\">riparcangel@hotmail.com<\/a><\/em><\/p>\n","protected":false},"excerpt":{"rendered":"<p><span style=\"color: #005497;\"><strong>Miguel \u00c1ngel Rivera<\/strong><\/span<\/span><\/p>\n","protected":false},"author":3,"featured_media":0,"comment_status":"open","ping_status":"open","sticky":false,"template":"","format":"standard","meta":{"_monsterinsights_skip_tracking":false,"_monsterinsights_sitenote_active":false,"_monsterinsights_sitenote_note":"","_monsterinsights_sitenote_category":0,"footnotes":""},"categories":[84119],"tags":[84120,84121,43674],"class_list":["post-525818","post","type-post","status-publish","format-standard","hentry","category-miguel-angel-rivera","tag-clase-politica","tag-miguel-angel-rivera","tag-opinion"],"_links":{"self":[{"href":"https:\/\/www.diarioimagen.net\/index.php?rest_route=\/wp\/v2\/posts\/525818","targetHints":{"allow":["GET"]}}],"collection":[{"href":"https:\/\/www.diarioimagen.net\/index.php?rest_route=\/wp\/v2\/posts"}],"about":[{"href":"https:\/\/www.diarioimagen.net\/index.php?rest_route=\/wp\/v2\/types\/post"}],"author":[{"embeddable":true,"href":"https:\/\/www.diarioimagen.net\/index.php?rest_route=\/wp\/v2\/users\/3"}],"replies":[{"embeddable":true,"href":"https:\/\/www.diarioimagen.net\/index.php?rest_route=%2Fwp%2Fv2%2Fcomments&post=525818"}],"version-history":[{"count":0,"href":"https:\/\/www.diarioimagen.net\/index.php?rest_route=\/wp\/v2\/posts\/525818\/revisions"}],"wp:attachment":[{"href":"https:\/\/www.diarioimagen.net\/index.php?rest_route=%2Fwp%2Fv2%2Fmedia&parent=525818"}],"wp:term":[{"taxonomy":"category","embeddable":true,"href":"https:\/\/www.diarioimagen.net\/index.php?rest_route=%2Fwp%2Fv2%2Fcategories&post=525818"},{"taxonomy":"post_tag","embeddable":true,"href":"https:\/\/www.diarioimagen.net\/index.php?rest_route=%2Fwp%2Fv2%2Ftags&post=525818"}],"curies":[{"name":"wp","href":"https:\/\/api.w.org\/{rel}","templated":true}]}}