{"id":525919,"date":"2021-11-03T00:03:04","date_gmt":"2021-11-03T06:03:04","guid":{"rendered":"https:\/\/www.diarioimagen.net\/?p=525919"},"modified":"2021-11-03T09:55:51","modified_gmt":"2021-11-03T15:55:51","slug":"avanzan-trabajos-de-estabilizacion-en-zona-afectada-por-desgajamiento-en-el-chiquihuite","status":"publish","type":"post","link":"https:\/\/www.diarioimagen.net\/?p=525919","title":{"rendered":"Avanzan trabajos de estabilizaci\u00f3n en zona afectada por desgajamiento en El Chiquihuite"},"content":{"rendered":"<p>&nbsp;<\/p>\n<ul>\n<li><strong><em>Podr\u00edan concluir en dos semanas<\/em><\/strong><\/li>\n<\/ul>\n<p>&nbsp;<\/p>\n<div id=\"attachment_526015\" style=\"width: 470px\" class=\"wp-caption aligncenter\"><a href=\"https:\/\/www.diarioimagen.net\/?attachment_id=526015\" rel=\"attachment wp-att-526015\"><img loading=\"lazy\" decoding=\"async\" aria-describedby=\"caption-attachment-526015\" class=\"size-full wp-image-526015\" src=\"https:\/\/www.diarioimagen.net\/wp-content\/uploads\/2021\/11\/tlalnepantla-2.jpg\" alt=\"\" width=\"460\" height=\"270\" \/><\/a><p id=\"caption-attachment-526015\" class=\"wp-caption-text\">El Coordinador de Protecci\u00f3n Civil de Tlalnepantla, Hugo C\u00e9sar Mendoza Castillo, indic\u00f3 que se tiene un avance significativo en trabajos de estabilizaci\u00f3n de la zona afectada por el desprendimiento en El Chiquihuite.<\/p><\/div>\n<p>&nbsp;<\/p>\n<p><strong>Tlalnepantla, Estado de M\u00e9xico.\u2014<\/strong> Los trabajos de estabilizaci\u00f3n de la zona afectada por el desprendimiento de rocas en El Chiquihuite podr\u00edan concluir en dos semanas si las condiciones clim\u00e1ticas y de seguridad lo permiten, inform\u00f3 el mando conjunto conformado por autoridades de protecci\u00f3n civil estatales y municipales.<\/p>\n<p>El Coordinador Municipal de Protecci\u00f3n Civil de Tlalnepantla, Hugo C\u00e9sar Mendoza Castillo, indic\u00f3 que se tiene un avance significativo en el retiro del material con el que se conform\u00f3 el terrapl\u00e9n para tener acceso a la zona cero y en la colocaci\u00f3n de anclas y muros de gaviones hechos con piedras y alambre como mecanismo de contenci\u00f3n.<\/p>\n<p>Adem\u00e1s se han colocado drenes para que los escurrimientos pluviales no afecten al macizo rocoso y se tiene un 50 por ciento de avance en el retiro de la piedra de 200 toneladas que cay\u00f3 en la calle Chimalhuac\u00e1n, colonia L\u00e1zaro C\u00e1rdenas Segunda Secci\u00f3n.<\/p>\n<p>El funcionario municipal indic\u00f3 que mantiene reuniones con el Coordinador General de Protecci\u00f3n Civil y Gesti\u00f3n Integral del Riesgo del Estado de M\u00e9xico, Samuel Guti\u00e9rrez Mac\u00edas, para establecer las estrategias operativas, tambi\u00e9n se realizan recorridos con vecinos de las tres secciones de esta comunidad y otras colonias para ubicar puntos de riesgo y monitorear los que ya han sido detectados.<\/p>\n<p>En dos semanas se realizar\u00e1 una evaluaci\u00f3n para decidir sobre la factibilidad del retorno controlado de las familias que habitan en los cinco pol\u00edgonos de seguridad, que fueron evacuadas como medida de prevenci\u00f3n.<\/p>\n","protected":false},"excerpt":{"rendered":"<p>Los trabajos de estabilizaci\u00f3n de la zona afectada por el desprendimiento de rocas en El Chiquihuite podr\u00edan concluir en dos semanas si las condiciones clim\u00e1ticas y de seguridad lo permiten, inform\u00f3 el mando conjunto conformado por autoridades de protecci\u00f3n civil estatales y municipales.<\/p>\n","protected":false},"author":3,"featured_media":526015,"comment_status":"open","ping_status":"open","sticky":false,"template":"","format":"standard","meta":{"_monsterinsights_skip_tracking":false,"_monsterinsights_sitenote_active":false,"_monsterinsights_sitenote_note":"","_monsterinsights_sitenote_category":0,"footnotes":""},"categories":[5],"tags":[86759,93985,43675,169],"class_list":["post-525919","post","type-post","status-publish","format-standard","has-post-thumbnail","hentry","category-estado-de-mexico","tag-desgajamiento","tag-el-chiquihuite","tag-estado-de-mexico","tag-tlalnepantla"],"_links":{"self":[{"href":"https:\/\/www.diarioimagen.net\/index.php?rest_route=\/wp\/v2\/posts\/525919","targetHints":{"allow":["GET"]}}],"collection":[{"href":"https:\/\/www.diarioimagen.net\/index.php?rest_route=\/wp\/v2\/posts"}],"about":[{"href":"https:\/\/www.diarioimagen.net\/index.php?rest_route=\/wp\/v2\/types\/post"}],"author":[{"embeddable":true,"href":"https:\/\/www.diarioimagen.net\/index.php?rest_route=\/wp\/v2\/users\/3"}],"replies":[{"embeddable":true,"href":"https:\/\/www.diarioimagen.net\/index.php?rest_route=%2Fwp%2Fv2%2Fcomments&post=525919"}],"version-history":[{"count":0,"href":"https:\/\/www.diarioimagen.net\/index.php?rest_route=\/wp\/v2\/posts\/525919\/revisions"}],"wp:featuredmedia":[{"embeddable":true,"href":"https:\/\/www.diarioimagen.net\/index.php?rest_route=\/wp\/v2\/media\/526015"}],"wp:attachment":[{"href":"https:\/\/www.diarioimagen.net\/index.php?rest_route=%2Fwp%2Fv2%2Fmedia&parent=525919"}],"wp:term":[{"taxonomy":"category","embeddable":true,"href":"https:\/\/www.diarioimagen.net\/index.php?rest_route=%2Fwp%2Fv2%2Fcategories&post=525919"},{"taxonomy":"post_tag","embeddable":true,"href":"https:\/\/www.diarioimagen.net\/index.php?rest_route=%2Fwp%2Fv2%2Ftags&post=525919"}],"curies":[{"name":"wp","href":"https:\/\/api.w.org\/{rel}","templated":true}]}}