{"id":526061,"date":"2021-11-04T00:02:58","date_gmt":"2021-11-04T06:02:58","guid":{"rendered":"https:\/\/www.diarioimagen.net\/?p=526061"},"modified":"2021-11-04T06:15:12","modified_gmt":"2021-11-04T12:15:12","slug":"cuautitlan-cuenta-con-la-infraestructura-para-la-deteccion-de-cancer-mason-orta","status":"publish","type":"post","link":"https:\/\/www.diarioimagen.net\/?p=526061","title":{"rendered":"Cuautitl\u00e1n cuenta con la infraestructura para la detecci\u00f3n de c\u00e1ncer: Mas\u00f3n Orta"},"content":{"rendered":"<p>&nbsp;<\/p>\n<ul>\n<li><strong><em>Acciones para la prevenci\u00f3n y atenci\u00f3n oportuna<\/em><\/strong><\/li>\n<\/ul>\n<p>&nbsp;<\/p>\n<div id=\"attachment_526132\" style=\"width: 470px\" class=\"wp-caption aligncenter\"><a href=\"https:\/\/www.diarioimagen.net\/?attachment_id=526132\" rel=\"attachment wp-att-526132\"><img loading=\"lazy\" decoding=\"async\" aria-describedby=\"caption-attachment-526132\" class=\"size-full wp-image-526132\" src=\"https:\/\/www.diarioimagen.net\/wp-content\/uploads\/2021\/11\/cuautitlan-1.jpg\" alt=\"\" width=\"460\" height=\"270\" \/><\/a><p id=\"caption-attachment-526132\" class=\"wp-caption-text\">Esta sesi\u00f3n de Cabildo Abierto se realiz\u00f3 en el \u00e1rea verde del Palacio Municipal, se cont\u00f3 con la presencia de vecinos y familias.<\/p><\/div>\n<p>&nbsp;<\/p>\n<p><strong>Cuautitl\u00e1n, Estado de M\u00e9xico.\u2014<\/strong> Durante la Octava Sesi\u00f3n de Cabildo Abierto, el presidente municipal Cuauht\u00e9moc Mas\u00f3n Orta, s\u00edndico, regidores y la secretaria del ayuntamiento, se pronunciaron en llevar a cabo acciones para la prevenci\u00f3n y atenci\u00f3n oportuna del c\u00e1ncer de mama en mujeres y hombres.<\/p>\n<p>En esta sesi\u00f3n abierta realizada en el \u00e1rea verde del Palacio Municipal, se cont\u00f3 con la presencia de vecinos y familias, a quienes el alcalde Mas\u00f3n Orta los invit\u00f3 a utilizar los servicios m\u00e9dicos para la atenci\u00f3n oportuna de c\u00e1ncer, ya que se tiene la infraestructura necesaria dentro de Cuautitl\u00e1n, como la Ciudad para el Cuidado de la Mujer, del Instituto de Salud del Estado de M\u00e9xico (ISEM), que se ubica en el conjunto urbano Parque San Mateo.<\/p>\n<p>Debido a la importancia de este tema y las repercusiones en el entorno social, durante el desarrollo de la sesi\u00f3n de cabildo, vecinas del municipio tomaron la palabra, narrando el camino que han transitado al padecer c\u00e1ncer y que las llevaron a tomar \u201cdif\u00edciles\u201d decisiones que cambiaron su vida y la de sus familias.<\/p>\n<p>Para ampliar la informaci\u00f3n se cont\u00f3 con la participaci\u00f3n de la doctora Adela Donaji Cruz Varela, de la Jurisdicci\u00f3n Sanitaria del ISEM y la Mtra. Mar\u00eda del Rosario Garc\u00eda Mendoza, de la Ciudad para el cuidado de la Mujer, invitaron a todas las mujeres a realizarse de manera rutinaria el examen de detecci\u00f3n de c\u00e1ncer de mama y los servicios que se dan a la poblaci\u00f3n de manera gratuita.<\/p>\n<p>Al t\u00e9rmino de esta sesi\u00f3n la secretaria del ayuntamiento Mar\u00eda Teresa Ruiz P\u00e9rez, present\u00f3 la campa\u00f1a \u201cELSA\u201d, Jornadas de Mastograf\u00edas gratuitas, con el lema: La raz\u00f3n #1 eres t\u00fa, con el cual el gobierno municipal otorga transporte gratuito a este centro de atenci\u00f3n a las vecinas que deseen acudir a realizarse el estudio, adem\u00e1s inform\u00f3 que se cuenta con una l\u00ednea de atenci\u00f3n telef\u00f3nica para agendar una cita.<\/p>\n<p>El presidente municipal Cuauht\u00e9moc Mas\u00f3n Orta, acompa\u00f1ado de regidores, la secretaria del ayuntamiento y vecinos, dieron el banderazo de salida a la primera unidad de transporte que llevar\u00e1 de forma programada a las mujeres a realizase su examen de detecci\u00f3n de c\u00e1ncer.<\/p>\n<p>Las personas interesadas en agendar una cita para realizarse los estudios podr\u00e1n llamar al: 5526207800, extensi\u00f3n 145 o a la Coordinaci\u00f3n de Salud Municipal a la extensi\u00f3n 164; v\u00eda inbox a la p\u00e1gina de facebook:\u00a0 https:\/www.facebok.com\/MujerigualdaddeGeneroCuautitlan<\/p>\n","protected":false},"excerpt":{"rendered":"<p>Durante la Octava Sesi\u00f3n de Cabildo Abierto, el presidente municipal Cuauht\u00e9moc Mas\u00f3n Orta, s\u00edndico, regidores y la secretaria del ayuntamiento, se pronunciaron en llevar a cabo acciones para la prevenci\u00f3n y atenci\u00f3n oportuna del c\u00e1ncer de mama en mujeres y hombres.<\/p>\n","protected":false},"author":3,"featured_media":526132,"comment_status":"open","ping_status":"open","sticky":false,"template":"","format":"standard","meta":{"_monsterinsights_skip_tracking":false,"_monsterinsights_sitenote_active":false,"_monsterinsights_sitenote_note":"","_monsterinsights_sitenote_category":0,"footnotes":""},"categories":[5],"tags":[1466,681,43675,18394],"class_list":["post-526061","post","type-post","status-publish","format-standard","has-post-thumbnail","hentry","category-estado-de-mexico","tag-cancer","tag-cuautitlan","tag-estado-de-mexico","tag-infraestructura"],"_links":{"self":[{"href":"https:\/\/www.diarioimagen.net\/index.php?rest_route=\/wp\/v2\/posts\/526061","targetHints":{"allow":["GET"]}}],"collection":[{"href":"https:\/\/www.diarioimagen.net\/index.php?rest_route=\/wp\/v2\/posts"}],"about":[{"href":"https:\/\/www.diarioimagen.net\/index.php?rest_route=\/wp\/v2\/types\/post"}],"author":[{"embeddable":true,"href":"https:\/\/www.diarioimagen.net\/index.php?rest_route=\/wp\/v2\/users\/3"}],"replies":[{"embeddable":true,"href":"https:\/\/www.diarioimagen.net\/index.php?rest_route=%2Fwp%2Fv2%2Fcomments&post=526061"}],"version-history":[{"count":0,"href":"https:\/\/www.diarioimagen.net\/index.php?rest_route=\/wp\/v2\/posts\/526061\/revisions"}],"wp:featuredmedia":[{"embeddable":true,"href":"https:\/\/www.diarioimagen.net\/index.php?rest_route=\/wp\/v2\/media\/526132"}],"wp:attachment":[{"href":"https:\/\/www.diarioimagen.net\/index.php?rest_route=%2Fwp%2Fv2%2Fmedia&parent=526061"}],"wp:term":[{"taxonomy":"category","embeddable":true,"href":"https:\/\/www.diarioimagen.net\/index.php?rest_route=%2Fwp%2Fv2%2Fcategories&post=526061"},{"taxonomy":"post_tag","embeddable":true,"href":"https:\/\/www.diarioimagen.net\/index.php?rest_route=%2Fwp%2Fv2%2Ftags&post=526061"}],"curies":[{"name":"wp","href":"https:\/\/api.w.org\/{rel}","templated":true}]}}