{"id":526066,"date":"2021-11-04T00:04:26","date_gmt":"2021-11-04T06:04:26","guid":{"rendered":"https:\/\/www.diarioimagen.net\/?p=526066"},"modified":"2021-11-04T06:15:58","modified_gmt":"2021-11-04T12:15:58","slug":"revivio-el-legendario-san-bartolo-naucalpan-la-tradicional-festividad-de-los-santos-difuntos","status":"publish","type":"post","link":"https:\/\/www.diarioimagen.net\/?p=526066","title":{"rendered":"Revivi\u00f3 el legendario San Bartolo, Naucalpan, \u00a0la tradicional festividad de los santos difuntos"},"content":{"rendered":"<p>&nbsp;<\/p>\n<div id=\"attachment_526135\" style=\"width: 470px\" class=\"wp-caption aligncenter\"><a href=\"https:\/\/www.diarioimagen.net\/?attachment_id=526135\" rel=\"attachment wp-att-526135\"><img loading=\"lazy\" decoding=\"async\" aria-describedby=\"caption-attachment-526135\" class=\"size-full wp-image-526135\" src=\"https:\/\/www.diarioimagen.net\/wp-content\/uploads\/2021\/11\/naucalpan-2.jpg\" alt=\"\" width=\"460\" height=\"533\" \/><\/a><p id=\"caption-attachment-526135\" class=\"wp-caption-text\">Esta sesi\u00f3n de Cabildo Abierto se realiz\u00f3 en el \u00e1rea verde del Palacio Municipal, se cont\u00f3 con la presencia de vecinos y familias.<\/p><\/div>\n<p>&nbsp;<\/p>\n<p><strong>Naucalpan, Estado de M\u00e9xico.\u2014<\/strong> El reci\u00e9n rescatado San Bartolo, fue el principal escenario donde las y los naucalpenses revivieron las tradiciones por el D\u00eda de Muertos. Desde el pasado viernes, como la caracterizaci\u00f3n de \u201ccatrinas\u201d y \u201ccatrines\u201d, elaboraci\u00f3n de calaveritas e instalaci\u00f3n de ofrendas.<\/p>\n<p>Asimismo, la Polic\u00eda Montada reforz\u00f3 la vigilancia de la cabecera municipal, con jinetes y caballos con caracterizaciones alusivas a la festividad.<\/p>\n","protected":false},"excerpt":{"rendered":"<p>El reci\u00e9n rescatado San Bartolo, fue el principal escenario donde las y los naucalpenses revivieron las tradiciones por el D\u00eda de Muertos. Desde el pasado viernes, como la caracterizaci\u00f3n de \u201ccatrinas\u201d y \u201ccatrines\u201d, elaboraci\u00f3n de calaveritas e instalaci\u00f3n de ofrendas.<\/p>\n","protected":false},"author":3,"featured_media":526136,"comment_status":"open","ping_status":"open","sticky":false,"template":"","format":"standard","meta":{"_monsterinsights_skip_tracking":false,"_monsterinsights_sitenote_active":false,"_monsterinsights_sitenote_note":"","_monsterinsights_sitenote_category":0,"footnotes":""},"categories":[5],"tags":[66482,12303,43675,970],"class_list":["post-526066","post","type-post","status-publish","format-standard","has-post-thumbnail","hentry","category-estado-de-mexico","tag-catrinas","tag-dia-de-muertos","tag-estado-de-mexico","tag-naucalpan"],"_links":{"self":[{"href":"https:\/\/www.diarioimagen.net\/index.php?rest_route=\/wp\/v2\/posts\/526066","targetHints":{"allow":["GET"]}}],"collection":[{"href":"https:\/\/www.diarioimagen.net\/index.php?rest_route=\/wp\/v2\/posts"}],"about":[{"href":"https:\/\/www.diarioimagen.net\/index.php?rest_route=\/wp\/v2\/types\/post"}],"author":[{"embeddable":true,"href":"https:\/\/www.diarioimagen.net\/index.php?rest_route=\/wp\/v2\/users\/3"}],"replies":[{"embeddable":true,"href":"https:\/\/www.diarioimagen.net\/index.php?rest_route=%2Fwp%2Fv2%2Fcomments&post=526066"}],"version-history":[{"count":0,"href":"https:\/\/www.diarioimagen.net\/index.php?rest_route=\/wp\/v2\/posts\/526066\/revisions"}],"wp:featuredmedia":[{"embeddable":true,"href":"https:\/\/www.diarioimagen.net\/index.php?rest_route=\/wp\/v2\/media\/526136"}],"wp:attachment":[{"href":"https:\/\/www.diarioimagen.net\/index.php?rest_route=%2Fwp%2Fv2%2Fmedia&parent=526066"}],"wp:term":[{"taxonomy":"category","embeddable":true,"href":"https:\/\/www.diarioimagen.net\/index.php?rest_route=%2Fwp%2Fv2%2Fcategories&post=526066"},{"taxonomy":"post_tag","embeddable":true,"href":"https:\/\/www.diarioimagen.net\/index.php?rest_route=%2Fwp%2Fv2%2Ftags&post=526066"}],"curies":[{"name":"wp","href":"https:\/\/api.w.org\/{rel}","templated":true}]}}