{"id":526186,"date":"2021-11-05T00:05:26","date_gmt":"2021-11-05T06:05:26","guid":{"rendered":"https:\/\/www.diarioimagen.net\/?p=526186"},"modified":"2021-11-08T05:01:46","modified_gmt":"2021-11-08T11:01:46","slug":"universitarios-exponen-imagenes-sobre-la-pandemia-en-el-festival-cultural-quimera-2021","status":"publish","type":"post","link":"https:\/\/www.diarioimagen.net\/?p=526186","title":{"rendered":"Universitarios exponen im\u00e1genes sobre la pandemia en el festival cultural Quimera 2021"},"content":{"rendered":"<p><em>\u00a0<\/em><\/p>\n<ul>\n<li><strong><em>La exposici\u00f3n METAMORFOXIX fue invitada a presentarse en la Casa de Cultura \u201cEnrique B\u00e1tiz Campbell\u201d.<\/em><\/strong><\/li>\n<\/ul>\n<p><strong>\u00a0<\/strong><\/p>\n<div id=\"attachment_526286\" style=\"width: 470px\" class=\"wp-caption aligncenter\"><a href=\"https:\/\/www.diarioimagen.net\/?attachment_id=526286\" rel=\"attachment wp-att-526286\"><img loading=\"lazy\" decoding=\"async\" aria-describedby=\"caption-attachment-526286\" class=\"size-full wp-image-526286\" src=\"https:\/\/www.diarioimagen.net\/wp-content\/uploads\/2021\/11\/ueam.jpg\" alt=\"\" width=\"460\" height=\"270\" \/><\/a><p id=\"caption-attachment-526286\" class=\"wp-caption-text\">Las im\u00e1genes, adem\u00e1s de estar elaboradas con t\u00e9cnicas aprendidas durante el Diplomado, evocan emociones con las que todos los espectadores pueden sentirse identificados.<\/p><\/div>\n<p>&nbsp;<\/p>\n<p><strong>Metepec, Estado de M\u00e9xico.- <\/strong>En el marco de las actividades del Festival Internacional de Arte y Cultura Quimera 2021, que se realiza en Metepec, la exposici\u00f3n METAMORFOXIX, de egresados del Diplomado Integral de Fotograf\u00eda de la Universidad Aut\u00f3noma del Estado de M\u00e9xico (UAEM), fue invitada a presentarse en la Casa de Cultura \u201cEnrique B\u00e1tiz Campbell\u201d.<\/p>\n<p>La muestra est\u00e1 conformada por 27 im\u00e1genes autor\u00eda de nueve egresados de la generaci\u00f3n 19 de dicho diplomado, quienes a trav\u00e9s del lente buscaron retratar el momento hist\u00f3rico por el que atraves\u00f3 la humanidad durante el a\u00f1o 2020, derivado de la pandemia de Covid-19.<\/p>\n<p>La coordinadora del diplomado, Amparo G\u00f3mez Castro, explic\u00f3 que para esta generaci\u00f3n en espec\u00edfico fue inevitable abordar un tema de relevancia mundial como fue y es la pandemia.<\/p>\n<p>En ese sentido, las im\u00e1genes, adem\u00e1s de estar elaboradas con t\u00e9cnicas aprendidas durante el Diplomado, evocan emociones con las que todos los espectadores pueden sentirse identificados.<\/p>\n<p>\u201cSon trabajos sobre la pandemia, una forma de mirar la vida desde el punto de vista del distanciamiento social, sobre c\u00f3mo nos toc\u00f3 cambiar todo tan dr\u00e1sticamente y c\u00f3mo tuvimos que acoplarnos. Incluso, hay fotos con respecto a la concientizaci\u00f3n del uso de cubrebocas. Son im\u00e1genes hist\u00f3ricas\u201d, detall\u00f3. La exposici\u00f3n podr\u00e1 ser visitada durante dos semanas, a partir del domingo 31 de octubre, en la Casa de Cultura \u201cEnrique B\u00e1tiz Campbell\u201d, de Metepec, y posteriormente, por el mismo periodo, en el Centro Cultural Universitario \u201cCasa de las Diligencias\u201d.<\/p>\n<p>El Diplomado Integral de Fotograf\u00eda, que se imparte en la Facultad de Arquitectura y Dise\u00f1o de la UAEM, tiene una duraci\u00f3n de nueve meses y est\u00e1 abierto a todo el p\u00fablico.<\/p>\n","protected":false},"excerpt":{"rendered":"<p>En el marco de las actividades del Festival Internacional de Arte y Cultura Quimera 2021, que se realiza en Metepec, la exposici\u00f3n METAMORFOXIX, de egresados del Diplomado Integral de Fotograf\u00eda de la Universidad Aut\u00f3noma del Estado de M\u00e9xico (UAEM), fue invitada a presentarse en la Casa de Cultura \u201cEnrique B\u00e1tiz Campbell\u201d.<\/p>\n","protected":false},"author":3,"featured_media":526286,"comment_status":"open","ping_status":"open","sticky":false,"template":"","format":"standard","meta":{"_monsterinsights_skip_tracking":false,"_monsterinsights_sitenote_active":false,"_monsterinsights_sitenote_note":"","_monsterinsights_sitenote_category":0,"footnotes":""},"categories":[5],"tags":[43675,876,29516,93995],"class_list":["post-526186","post","type-post","status-publish","format-standard","has-post-thumbnail","hentry","category-estado-de-mexico","tag-estado-de-mexico","tag-metepec","tag-pandemia","tag-quimnera"],"_links":{"self":[{"href":"https:\/\/www.diarioimagen.net\/index.php?rest_route=\/wp\/v2\/posts\/526186","targetHints":{"allow":["GET"]}}],"collection":[{"href":"https:\/\/www.diarioimagen.net\/index.php?rest_route=\/wp\/v2\/posts"}],"about":[{"href":"https:\/\/www.diarioimagen.net\/index.php?rest_route=\/wp\/v2\/types\/post"}],"author":[{"embeddable":true,"href":"https:\/\/www.diarioimagen.net\/index.php?rest_route=\/wp\/v2\/users\/3"}],"replies":[{"embeddable":true,"href":"https:\/\/www.diarioimagen.net\/index.php?rest_route=%2Fwp%2Fv2%2Fcomments&post=526186"}],"version-history":[{"count":0,"href":"https:\/\/www.diarioimagen.net\/index.php?rest_route=\/wp\/v2\/posts\/526186\/revisions"}],"wp:featuredmedia":[{"embeddable":true,"href":"https:\/\/www.diarioimagen.net\/index.php?rest_route=\/wp\/v2\/media\/526286"}],"wp:attachment":[{"href":"https:\/\/www.diarioimagen.net\/index.php?rest_route=%2Fwp%2Fv2%2Fmedia&parent=526186"}],"wp:term":[{"taxonomy":"category","embeddable":true,"href":"https:\/\/www.diarioimagen.net\/index.php?rest_route=%2Fwp%2Fv2%2Fcategories&post=526186"},{"taxonomy":"post_tag","embeddable":true,"href":"https:\/\/www.diarioimagen.net\/index.php?rest_route=%2Fwp%2Fv2%2Ftags&post=526186"}],"curies":[{"name":"wp","href":"https:\/\/api.w.org\/{rel}","templated":true}]}}