{"id":526224,"date":"2021-11-05T00:01:26","date_gmt":"2021-11-05T06:01:26","guid":{"rendered":"https:\/\/www.diarioimagen.net\/?p=526224"},"modified":"2021-11-05T08:52:30","modified_gmt":"2021-11-05T14:52:30","slug":"finaliza-festival-cultural-mictlalnepantla-que-disfrutaron-mas-de-50-mil-personas","status":"publish","type":"post","link":"https:\/\/www.diarioimagen.net\/?p=526224","title":{"rendered":"Finaliza festival cultural Mictlalnepantla, que disfrutaron m\u00e1s de 50 mil personas\u00a0"},"content":{"rendered":"<p>&nbsp;<\/p>\n<p><strong><em>Preservan la tradici\u00f3n de D\u00eda de Muertos<\/em><\/strong><\/p>\n<p>&nbsp;<\/p>\n<div id=\"attachment_526342\" style=\"width: 470px\" class=\"wp-caption aligncenter\"><a href=\"https:\/\/www.diarioimagen.net\/?attachment_id=526342\" rel=\"attachment wp-att-526342\"><img loading=\"lazy\" decoding=\"async\" aria-describedby=\"caption-attachment-526342\" class=\"size-full wp-image-526342\" src=\"https:\/\/www.diarioimagen.net\/wp-content\/uploads\/2021\/11\/tlalnepantla-4.jpg\" alt=\"\" width=\"460\" height=\"270\" \/><\/a><p id=\"caption-attachment-526342\" class=\"wp-caption-text\">Miles de personas disfrutaron de \u2018Mictlalnepantla 2021, el agua como elemento de vida y muerte\u2019, el festival de cultura presencial y en l\u00ednea que realiz\u00f3 el gobierno de Tlalnepantla.<\/p><\/div>\n<p>&nbsp;<\/p>\n<p><strong>Tlalnepantla, Estado de M\u00e9xico.\u2014<\/strong> M\u00e1s de 50 mil personas disfrutaron de \u2018Mictlalnepantla 2021, el agua como elemento de vida y muerte\u2019, el festival de cultura presencial y en l\u00ednea que el Gobierno de Tlalnepantla realiz\u00f3, en su tercera edici\u00f3n consecutiva, para preservar la tradici\u00f3n mexicana de D\u00eda de Muertos.<\/p>\n<p>Durante cinco d\u00edas, el Instituto Municipal de la Cultura y las Artes present\u00f3 18 eventos art\u00edsticos, 14 de ellos presenciales y cuatro de forma virtual, que fueron transmitidos por las redes sociales de dicho instituto.<\/p>\n<p>El pasado viernes 29 de octubre fue inaugurada la ofrenda monumental en la Plaza C\u00edvica Dr. Gustavo Baz, donde el Tlalocan, para\u00edso regido por Tl\u00e1loc, dios del rayo y la lluvia, fue el elemento principal. Esta ofrenda estar\u00e1 en exhibici\u00f3n hasta el viernes 5 de noviembre.<\/p>\n<p>El s\u00e1bado 30 se transmiti\u00f3 la puesta en escena \u2018Celeste\u2019, una producci\u00f3n de la compa\u00f1\u00eda de danza Farah Solis.<\/p>\n<p>El domingo 31 y martes 2 de noviembre se presentaron las dos funciones de El Fantasma de la \u00d3pera, en el Teatro Centenario y el Teatro Algarab\u00eda, respectivamente, bajo la interpretaci\u00f3n de la Banda Sinf\u00f3nica Municipal, danza cl\u00e1sica de la Escuela de Iniciaci\u00f3n Art\u00edstica Asociada Jos\u00e9 Emilio Pacheco, y la Escuela de Ballet Gina Joyner.<\/p>\n<p>El festival de catrines y catrinas se llev\u00f3 a cabo la noche del domingo 31, sobre la avenida Sor Juana In\u00e9s de la Cruz, de la explanada del Teatro Centenario a la Plaza C\u00edvica Dr. Gustavo Baz Prada, donde continu\u00f3 el concierto de m\u00fasica mexicana a cargo del Coro Infantil de Tlalnepantla y la Banda Sinf\u00f3nica Municipal.<\/p>\n<p>El lunes 1 de noviembre se transmiti\u00f3 la lectura dramatizada de la novela \u2018Pedro P\u00e1ramo\u2019 de Juan Rulfo, bajo la adaptaci\u00f3n de la Biblioteca P\u00fablica Municipal Mar\u00eda C\u00e1rdenas de Malpica. Ese mismo d\u00eda, se present\u00f3 en el Teatro Eugenia Le\u00f3n, la puesta en escena \u2018La noche de los asesinos\u2019 de Jos\u00e9 Triana, con la interpretaci\u00f3n de la disciplina de teatro de la Escuela de Iniciaci\u00f3n Art\u00edstica Asociada Jos\u00e9 Emilio Pacheco y la compa\u00f1\u00eda Minimal Teatro.<\/p>\n<p>Como parte de este festival, tambi\u00e9n presentamos diversos montajes coreogr\u00e1ficos a cargo de las casas de cultura de Nuestra Ciudad, de la compa\u00f1\u00eda Cananea Folkl\u00f3rico A.C., Estudio de Danza Ziian, y la compa\u00f1\u00eda \u2018Just Dance\u2019.<\/p>\n<p>El martes 2 de noviembre, los estudiantes de la categor\u00eda infantil de teatro de la Escuela de Iniciaci\u00f3n Art\u00edstica Guillermo Padilla D\u00edaz de Le\u00f3n, ofrecieron de manera virtual una narraci\u00f3n de cuentos de ultratumba, relacionada con las leyendas mexicanas de D\u00eda de Muertos.<\/p>\n<p>El gobierno de Tlalnepantla refrenda su compromiso con la preservaci\u00f3n de las tradiciones mexicanas y con la reconstrucci\u00f3n del tejido social, con la realizaci\u00f3n por tercer a\u00f1o consecutivo del festival cultural de D\u00eda de Muertos \u2018Mictlalnepantla\u2019.<\/p>\n","protected":false},"excerpt":{"rendered":"<p>M\u00e1s de 50 mil personas disfrutaron de \u2018Mictlalnepantla 2021, el agua como elemento de vida y muerte\u2019, el festival de cultura presencial y en l\u00ednea que el Gobierno de Tlalnepantla realiz\u00f3, en su tercera edici\u00f3n consecutiva, para preservar la tradici\u00f3n mexicana de D\u00eda de Muertos.<\/p>\n","protected":false},"author":3,"featured_media":526342,"comment_status":"open","ping_status":"open","sticky":false,"template":"","format":"standard","meta":{"_monsterinsights_skip_tracking":false,"_monsterinsights_sitenote_active":false,"_monsterinsights_sitenote_note":"","_monsterinsights_sitenote_category":0,"footnotes":""},"categories":[5],"tags":[12303,43675,93848,169],"class_list":["post-526224","post","type-post","status-publish","format-standard","has-post-thumbnail","hentry","category-estado-de-mexico","tag-dia-de-muertos","tag-estado-de-mexico","tag-mictlalnepantla","tag-tlalnepantla"],"_links":{"self":[{"href":"https:\/\/www.diarioimagen.net\/index.php?rest_route=\/wp\/v2\/posts\/526224","targetHints":{"allow":["GET"]}}],"collection":[{"href":"https:\/\/www.diarioimagen.net\/index.php?rest_route=\/wp\/v2\/posts"}],"about":[{"href":"https:\/\/www.diarioimagen.net\/index.php?rest_route=\/wp\/v2\/types\/post"}],"author":[{"embeddable":true,"href":"https:\/\/www.diarioimagen.net\/index.php?rest_route=\/wp\/v2\/users\/3"}],"replies":[{"embeddable":true,"href":"https:\/\/www.diarioimagen.net\/index.php?rest_route=%2Fwp%2Fv2%2Fcomments&post=526224"}],"version-history":[{"count":0,"href":"https:\/\/www.diarioimagen.net\/index.php?rest_route=\/wp\/v2\/posts\/526224\/revisions"}],"wp:featuredmedia":[{"embeddable":true,"href":"https:\/\/www.diarioimagen.net\/index.php?rest_route=\/wp\/v2\/media\/526342"}],"wp:attachment":[{"href":"https:\/\/www.diarioimagen.net\/index.php?rest_route=%2Fwp%2Fv2%2Fmedia&parent=526224"}],"wp:term":[{"taxonomy":"category","embeddable":true,"href":"https:\/\/www.diarioimagen.net\/index.php?rest_route=%2Fwp%2Fv2%2Fcategories&post=526224"},{"taxonomy":"post_tag","embeddable":true,"href":"https:\/\/www.diarioimagen.net\/index.php?rest_route=%2Fwp%2Fv2%2Ftags&post=526224"}],"curies":[{"name":"wp","href":"https:\/\/api.w.org\/{rel}","templated":true}]}}