{"id":526226,"date":"2021-11-05T00:02:13","date_gmt":"2021-11-05T06:02:13","guid":{"rendered":"https:\/\/www.diarioimagen.net\/?p=526226"},"modified":"2021-11-05T08:47:53","modified_gmt":"2021-11-05T14:47:53","slug":"avala-el-cabildo-de-naucalpan-actualizacion-de-tarifas-de-agua-potable-para-el-proximo-ano","status":"publish","type":"post","link":"https:\/\/www.diarioimagen.net\/?p=526226","title":{"rendered":"Avala el Cabildo de Naucalpan actualizaci\u00f3n de tarifas de agua potable para el pr\u00f3ximo a\u00f1o"},"content":{"rendered":"<p>&nbsp;<\/p>\n<ul>\n<li><strong><em>El ajuste, conforme al incremento de la UMA<\/em><\/strong><\/li>\n<\/ul>\n<p>&nbsp;<\/p>\n<div id=\"attachment_526339\" style=\"width: 470px\" class=\"wp-caption aligncenter\"><a href=\"https:\/\/www.diarioimagen.net\/?attachment_id=526339\" rel=\"attachment wp-att-526339\"><img loading=\"lazy\" decoding=\"async\" aria-describedby=\"caption-attachment-526339\" class=\"size-full wp-image-526339\" src=\"https:\/\/www.diarioimagen.net\/wp-content\/uploads\/2021\/11\/naucalpan-3.jpg\" alt=\"\" width=\"460\" height=\"270\" \/><\/a><p id=\"caption-attachment-526339\" class=\"wp-caption-text\">El Cabildo de Naucalpan aprob\u00f3 por mayor\u00eda la actualizaci\u00f3n de las tarifas por el cobro de derechos de agua potable, alcantarillado y recepci\u00f3n de caudales de aguas residuales para el ejercicio fiscal 2022.<\/p><\/div>\n<p>&nbsp;<\/p>\n<p><strong>Naucalpan, Estado de M\u00e9xico.\u2014<\/strong> Luego de que ediles en sesi\u00f3n del ayuntamiento bajaron dos puntos de acuerdo referentes a la construcci\u00f3n de un puente vinculatorio del Colegio del Tepeyac a su Auditorio, en el poblado de San Juan Totoltepec, y que el Oapas signar\u00e1 un convenio de compensaci\u00f3n de adeudos con el ISSEMYN.<\/p>\n<p>En otro orden, el \u00f3rgano de gobierno de Naucalpan aprob\u00f3 por mayor\u00eda la actualizaci\u00f3n de las tarifas por el cobro de derechos de agua potable, alcantarillado y recepci\u00f3n de caudales de aguas residuales para el ejercicio fiscal 2022.<\/p>\n<p>El ajuste se realiza conforme al incremento de la Unidad de Medida y Actualizaci\u00f3n (UMA) y aplica para los tipos de pago mensual, bimestral o de forma anticipada, para uso dom\u00e9stico o no dom\u00e9stico (uso comercial, industrial o institucional).<\/p>\n<p>El esquema tarifario fue previamente avalado en la D\u00e9cimo S\u00e9ptima Sesi\u00f3n Ordinaria del Consejo Directivo del Organismo de Agua Potable, Alcantarillado y Saneamiento (Oapas), bajo el acuerdo n\u00famero OAP-17-0-2021-147.<\/p>\n<p>Asimismo, la secretaria del Ayuntamiento, Claudia Oyoque Ortiz, ley\u00f3 el Trig\u00e9simo Informe de la Administraci\u00f3n 2019-2021 relativo al contingente econ\u00f3mico que contempla juicios laborales, administrativos, fiscales, civiles, agrarios, penales y de amparo, que asciende a mil 118 millones 706 mil 531 pesos.<\/p>\n","protected":false},"excerpt":{"rendered":"<p>Luego de que ediles en sesi\u00f3n del ayuntamiento bajaron dos puntos de acuerdo referentes a la construcci\u00f3n de un puente vinculatorio del Colegio del Tepeyac a su Auditorio, en el poblado de San Juan Totoltepec, y que el Oapas signar\u00e1 un convenio de compensaci\u00f3n de adeudos con el ISSEMYN.<\/p>\n","protected":false},"author":3,"featured_media":526339,"comment_status":"open","ping_status":"open","sticky":false,"template":"","format":"standard","meta":{"_monsterinsights_skip_tracking":false,"_monsterinsights_sitenote_active":false,"_monsterinsights_sitenote_note":"","_monsterinsights_sitenote_category":0,"footnotes":""},"categories":[5],"tags":[43675,94004,970,94003],"class_list":["post-526226","post","type-post","status-publish","format-standard","has-post-thumbnail","hentry","category-estado-de-mexico","tag-estado-de-mexico","tag-issemyn","tag-naucalpan","tag-uma"],"_links":{"self":[{"href":"https:\/\/www.diarioimagen.net\/index.php?rest_route=\/wp\/v2\/posts\/526226","targetHints":{"allow":["GET"]}}],"collection":[{"href":"https:\/\/www.diarioimagen.net\/index.php?rest_route=\/wp\/v2\/posts"}],"about":[{"href":"https:\/\/www.diarioimagen.net\/index.php?rest_route=\/wp\/v2\/types\/post"}],"author":[{"embeddable":true,"href":"https:\/\/www.diarioimagen.net\/index.php?rest_route=\/wp\/v2\/users\/3"}],"replies":[{"embeddable":true,"href":"https:\/\/www.diarioimagen.net\/index.php?rest_route=%2Fwp%2Fv2%2Fcomments&post=526226"}],"version-history":[{"count":0,"href":"https:\/\/www.diarioimagen.net\/index.php?rest_route=\/wp\/v2\/posts\/526226\/revisions"}],"wp:featuredmedia":[{"embeddable":true,"href":"https:\/\/www.diarioimagen.net\/index.php?rest_route=\/wp\/v2\/media\/526339"}],"wp:attachment":[{"href":"https:\/\/www.diarioimagen.net\/index.php?rest_route=%2Fwp%2Fv2%2Fmedia&parent=526226"}],"wp:term":[{"taxonomy":"category","embeddable":true,"href":"https:\/\/www.diarioimagen.net\/index.php?rest_route=%2Fwp%2Fv2%2Fcategories&post=526226"},{"taxonomy":"post_tag","embeddable":true,"href":"https:\/\/www.diarioimagen.net\/index.php?rest_route=%2Fwp%2Fv2%2Ftags&post=526226"}],"curies":[{"name":"wp","href":"https:\/\/api.w.org\/{rel}","templated":true}]}}