{"id":526230,"date":"2021-11-05T00:04:27","date_gmt":"2021-11-05T06:04:27","guid":{"rendered":"https:\/\/www.diarioimagen.net\/?p=526230"},"modified":"2021-11-05T08:43:47","modified_gmt":"2021-11-05T14:43:47","slug":"kroketon-2021-en-cuautitlan-promueve-el-cuidado-responsable-de-las-mascotas","status":"publish","type":"post","link":"https:\/\/www.diarioimagen.net\/?p=526230","title":{"rendered":"Kroket\u00f3n 2021, en Cuautitl\u00e1n, promueve el cuidado responsable de las mascotas"},"content":{"rendered":"<p>&nbsp;<\/p>\n<p><a href=\"https:\/\/www.diarioimagen.net\/?attachment_id=526331\" rel=\"attachment wp-att-526331\"><img loading=\"lazy\" decoding=\"async\" class=\"aligncenter size-full wp-image-526331\" src=\"https:\/\/www.diarioimagen.net\/wp-content\/uploads\/2021\/11\/cuautitlan-2.jpg\" alt=\"\" width=\"460\" height=\"592\" \/><\/a><\/p>\n<p>&nbsp;<\/p>\n<p><strong>Cuautitl\u00e1n, Estado de M\u00e9xico<\/strong><strong>.\u2014<\/strong> Promover el cuidado responsable para mejorar la calidad de vida de las mascotas, y recaudar alimentos para el cuidado de su salud, es el objetivo de festival Kroket\u00f3n 2021, que el gobierno de Cuautitl\u00e1n tiene programado para este 6 de noviembre en el municipio.<\/p>\n<p>Este evento con causa permitir\u00e1 recaudar alimentos para perros y gatos a trav\u00e9s de la aportaci\u00f3n personal (1kg de croquetas para perro o gato) de quienes asistan al festival, que se realizar\u00e1 en las instalaciones de la coordinaci\u00f3n ubicadas en: Parque Bicentenario, Avenida Universidad, s\/n, en la colonia El Infiernillo, a partir de las 12:00 horas.<\/p>\n<p>&nbsp;<\/p>\n","protected":false},"excerpt":{"rendered":"<p>Promover el cuidado responsable para mejorar la calidad de vida de las mascotas, y recaudar alimentos para el cuidado de su salud, es el objetivo de festival Kroket\u00f3n 2021, que el gobierno de Cuautitl\u00e1n tiene programado para este 6 de noviembre en el municipio.<\/p>\n","protected":false},"author":3,"featured_media":526333,"comment_status":"open","ping_status":"open","sticky":false,"template":"","format":"standard","meta":{"_monsterinsights_skip_tracking":false,"_monsterinsights_sitenote_active":false,"_monsterinsights_sitenote_note":"","_monsterinsights_sitenote_category":0,"footnotes":""},"categories":[5],"tags":[681,43675,94005],"class_list":["post-526230","post","type-post","status-publish","format-standard","has-post-thumbnail","hentry","category-estado-de-mexico","tag-cuautitlan","tag-estado-de-mexico","tag-kroketon"],"_links":{"self":[{"href":"https:\/\/www.diarioimagen.net\/index.php?rest_route=\/wp\/v2\/posts\/526230","targetHints":{"allow":["GET"]}}],"collection":[{"href":"https:\/\/www.diarioimagen.net\/index.php?rest_route=\/wp\/v2\/posts"}],"about":[{"href":"https:\/\/www.diarioimagen.net\/index.php?rest_route=\/wp\/v2\/types\/post"}],"author":[{"embeddable":true,"href":"https:\/\/www.diarioimagen.net\/index.php?rest_route=\/wp\/v2\/users\/3"}],"replies":[{"embeddable":true,"href":"https:\/\/www.diarioimagen.net\/index.php?rest_route=%2Fwp%2Fv2%2Fcomments&post=526230"}],"version-history":[{"count":0,"href":"https:\/\/www.diarioimagen.net\/index.php?rest_route=\/wp\/v2\/posts\/526230\/revisions"}],"wp:featuredmedia":[{"embeddable":true,"href":"https:\/\/www.diarioimagen.net\/index.php?rest_route=\/wp\/v2\/media\/526333"}],"wp:attachment":[{"href":"https:\/\/www.diarioimagen.net\/index.php?rest_route=%2Fwp%2Fv2%2Fmedia&parent=526230"}],"wp:term":[{"taxonomy":"category","embeddable":true,"href":"https:\/\/www.diarioimagen.net\/index.php?rest_route=%2Fwp%2Fv2%2Fcategories&post=526230"},{"taxonomy":"post_tag","embeddable":true,"href":"https:\/\/www.diarioimagen.net\/index.php?rest_route=%2Fwp%2Fv2%2Ftags&post=526230"}],"curies":[{"name":"wp","href":"https:\/\/api.w.org\/{rel}","templated":true}]}}