{"id":526400,"date":"2021-11-08T00:05:53","date_gmt":"2021-11-08T06:05:53","guid":{"rendered":"https:\/\/www.diarioimagen.net\/?p=526400"},"modified":"2021-11-09T06:08:57","modified_gmt":"2021-11-09T12:08:57","slug":"deporte-fundamental-para-fomentar-habitos-saludables-de-vida","status":"publish","type":"post","link":"https:\/\/www.diarioimagen.net\/?p=526400","title":{"rendered":"Deporte, fundamental para fomentar h\u00e1bitos saludables de vida"},"content":{"rendered":"<p><em>\u00a0<\/em><\/p>\n<ul>\n<li><strong><em>Se llev\u00f3 a cabo la cuarta edici\u00f3n de la Carrera Atl\u00e9tica \u201cOrgullo Prepa 1\u201d, organizada por el Plantel \u201cAdolfo L\u00f3pez Mateos\u201d de la Escuela Preparatoria de la UAEM<\/em><\/strong><\/li>\n<\/ul>\n<p><strong>\u00a0<\/strong><\/p>\n<div id=\"attachment_526479\" style=\"width: 470px\" class=\"wp-caption aligncenter\"><a href=\"https:\/\/www.diarioimagen.net\/?attachment_id=526479\" rel=\"attachment wp-att-526479\"><img loading=\"lazy\" decoding=\"async\" aria-describedby=\"caption-attachment-526479\" class=\"size-full wp-image-526479\" src=\"https:\/\/www.diarioimagen.net\/wp-content\/uploads\/2021\/11\/ueam-1.jpg\" alt=\"\" width=\"460\" height=\"270\" \/><\/a><p id=\"caption-attachment-526479\" class=\"wp-caption-text\">Entre las medidas de protecci\u00f3n que se aplicaron a consecuencia de la contingencia sanitaria, fue el uso de cubrebocas a lo largo de la carrera.<\/p><\/div>\n<p>&nbsp;<\/p>\n<p><strong>Toluca, Estado de M\u00e9xico.\u2014 <\/strong>Con la participaci\u00f3n de mil 500 competidores, se llev\u00f3 a cabo la cuarta edici\u00f3n de la Carrera Atl\u00e9tica \u201cOrgullo Prepa 1\u201d, organizada por el Plantel \u201cAdolfo L\u00f3pez Mateos\u201d de la Escuela Preparatoria de la Universidad Aut\u00f3noma del Estado de M\u00e9xico (UAEM).<\/p>\n<p>En entrevista, el director de este organismo acad\u00e9mico, Camerino Ju\u00e1rez Toledo, precis\u00f3 que el certamen se llev\u00f3 a cabo bajo las modalidades presencial y virtual. Explic\u00f3 que alrededor de mil 300 personas se dieron cita de manera personal y el resto corri\u00f3 a distancia.<\/p>\n<p>Acompa\u00f1ado del secretario de Rector\u00eda, Marco Aurelio Cienfuegos Terr\u00f3n, destac\u00f3 que entre las medidas de protecci\u00f3n que se aplicaron a consecuencia de la contingencia sanitaria, fue el uso de cubrebocas a lo largo de la carrera, la aplicaci\u00f3n del gel antibacterial y el apoyo de la Direcci\u00f3n de Seguridad y Protecci\u00f3n Universitaria.<\/p>\n<p>Indic\u00f3 que participaron estudiantes, personal acad\u00e9mico, personal administrativo y p\u00fablico en general y subray\u00f3 que la pr\u00e1ctica deportiva es un eje fundamental para fomentar h\u00e1bitos saludables de vida.<\/p>\n<p>La salida de la carrera fue en las inmediaciones de la Prepa 1 y la meta frente de la Facultad de Contadur\u00eda y Administraci\u00f3n, en Ciudad Universitaria.<\/p>\n","protected":false},"excerpt":{"rendered":"<p>Con la participaci\u00f3n de mil 500 competidores, se llev\u00f3 a cabo la cuarta edici\u00f3n de la Carrera Atl\u00e9tica \u201cOrgullo Prepa 1\u201d, organizada por el Plantel \u201cAdolfo L\u00f3pez Mateos\u201d de la Escuela Preparatoria de la Universidad Aut\u00f3noma del Estado de M\u00e9xico (UAEM).\u00a0<\/p>\n","protected":false},"author":3,"featured_media":526479,"comment_status":"open","ping_status":"open","sticky":false,"template":"","format":"standard","meta":{"_monsterinsights_skip_tracking":false,"_monsterinsights_sitenote_active":false,"_monsterinsights_sitenote_note":"","_monsterinsights_sitenote_category":0,"footnotes":""},"categories":[5],"tags":[43675,94006,93049,452,1490],"class_list":["post-526400","post","type-post","status-publish","format-standard","has-post-thumbnail","hentry","category-estado-de-mexico","tag-estado-de-mexico","tag-habitos","tag-saludables","tag-toluca","tag-universidad-autonoma-del-estado-de-mexico"],"_links":{"self":[{"href":"https:\/\/www.diarioimagen.net\/index.php?rest_route=\/wp\/v2\/posts\/526400","targetHints":{"allow":["GET"]}}],"collection":[{"href":"https:\/\/www.diarioimagen.net\/index.php?rest_route=\/wp\/v2\/posts"}],"about":[{"href":"https:\/\/www.diarioimagen.net\/index.php?rest_route=\/wp\/v2\/types\/post"}],"author":[{"embeddable":true,"href":"https:\/\/www.diarioimagen.net\/index.php?rest_route=\/wp\/v2\/users\/3"}],"replies":[{"embeddable":true,"href":"https:\/\/www.diarioimagen.net\/index.php?rest_route=%2Fwp%2Fv2%2Fcomments&post=526400"}],"version-history":[{"count":0,"href":"https:\/\/www.diarioimagen.net\/index.php?rest_route=\/wp\/v2\/posts\/526400\/revisions"}],"wp:featuredmedia":[{"embeddable":true,"href":"https:\/\/www.diarioimagen.net\/index.php?rest_route=\/wp\/v2\/media\/526479"}],"wp:attachment":[{"href":"https:\/\/www.diarioimagen.net\/index.php?rest_route=%2Fwp%2Fv2%2Fmedia&parent=526400"}],"wp:term":[{"taxonomy":"category","embeddable":true,"href":"https:\/\/www.diarioimagen.net\/index.php?rest_route=%2Fwp%2Fv2%2Fcategories&post=526400"},{"taxonomy":"post_tag","embeddable":true,"href":"https:\/\/www.diarioimagen.net\/index.php?rest_route=%2Fwp%2Fv2%2Ftags&post=526400"}],"curies":[{"name":"wp","href":"https:\/\/api.w.org\/{rel}","templated":true}]}}