{"id":526441,"date":"2021-11-08T00:02:18","date_gmt":"2021-11-08T06:02:18","guid":{"rendered":"https:\/\/www.diarioimagen.net\/?p=526441"},"modified":"2021-11-08T04:24:57","modified_gmt":"2021-11-08T10:24:57","slug":"democracia-de-las-inversiones-publicas-mas-importantes-que-ha-hecho-mexico-lorenzo-cordova","status":"publish","type":"post","link":"https:\/\/www.diarioimagen.net\/?p=526441","title":{"rendered":"\u201cDemocracia, de las inversiones p\u00fablicas m\u00e1s importantes que ha hecho M\u00e9xico\u201d: Lorenzo C\u00f3rdova"},"content":{"rendered":"<h2>La Retaguardia<\/h2>\n<h5>Adriana Moreno Cordero<\/h5>\n<p>&nbsp;<\/p>\n<ul>\n<li><strong><em>\u00cdnfimo nivel de la bancada de Morena y su r\u00e9mora, el PT<\/em><\/strong><\/li>\n<\/ul>\n<p>&nbsp;<\/p>\n<p>\u00bfQu\u00e9 sensaci\u00f3n le habr\u00e1 producido al coordinador de la fracci\u00f3n parlamentaria de Morena en la C\u00e1mara de Diputados, <strong>Ignacio Mier Velazco<\/strong>, percatarse que tiene una bancada de muy \u00ednfimo nivel, que durante la comparecencia del consejero-presidente del Instituto Nacional Electoral, (INE), <strong>Lorenzo C\u00f3rdova Vianello<\/strong>, a pie juntillas siguieron la instrucci\u00f3n de Palacio Nacional de provocar y hasta insultar al titular del INE?, pues lo m\u00e1s probable es que nada, porque el nivel del diputado poblano, es muy similar al de sus coordinados. Cuesti\u00f3n de recordar que con tal de salvarse, hace unos meses disculp\u00f3 a su paisano, el ex diputado <strong>Sa\u00fal Huerta<\/strong> -preso por violaci\u00f3n de menores-, a la voz de que \u00e9l no se met\u00eda en lo que hac\u00edan sus legisladores en sus tiempos libres. Con declaraciones como \u00e9stas, exhibe su inexperiencia y total ignorancia en temas legislativos.<\/p>\n<p>Quien s\u00ed sabe lo que es la cortes\u00eda pol\u00edtica es sin duda, el doctor C\u00f3rdova que, hay que recordar, no estaba obligado a presentarse a comparecer ante el pleno de la C\u00e1mara Baja y sin embargo se present\u00f3 porque como dice un cl\u00e1sico, \u201cel que nada debe, nada teme\u201d y hasta lecciones les dio a los diputados morenistas y su r\u00e9mora favorita, el PT, de lo que es comportarse con mesura, conocimiento y clase, ante lo que fueron vulgares provocaciones sin sustento.<\/p>\n<p>Lo \u00fanico que consiguieron los diputados de Morena fue que por las \u201cexbenditas redes\u201d, se propusiera al doctor C\u00f3rdova Vianello como el posible candidato presidencial de la oposici\u00f3n para el 2024 y eso les dio un coraje, incluido quien reside en Palacio Nacional.<\/p>\n<p>En m\u00e1s de una ocasi\u00f3n, en su comparecencia del pasado viernes, el consejero-presidente del INE, les dej\u00f3 muy claro a morenistas y r\u00e9moras petistas, que no aceptar\u00eda las constantes provocaciones que \u00e9stos le dirig\u00edan. Con cada uno de los oradores, C\u00f3rdova se levant\u00f3 a saludar conforme dictan los protocolos de seguridad y quien protagoniz\u00f3 la mayor majader\u00eda fue el diputado, ahora morenista, porque ha transitado por todos los partidos, <strong>Oscar Cant\u00f3n Zetina<\/strong>, a quien cuando el doctor C\u00f3rdova le pregunt\u00f3: \u201c\u00bfno va a saludar?\u201d, el pseudolegislador tabasque\u00f1o respondi\u00f3 con una soberbia caracter\u00edstica de Palacio Nacional: \u201cno me toque, \u00bfqu\u00e9 se cre\u00e9, igualado?\u201d.<\/p>\n<p>Pero sin duda, no es Cant\u00f3n quien tiene la autoridad moral necesaria, ni siquiera indispensable. No solo en los corrillos legislativos, se sabe que responde a oscuros intereses, no solo \u00e9l, sino tambi\u00e9n otros miembros de su familia y su \u201ccola\u201d, es larga, larga. As\u00ed que con sus groser\u00edas, el expri\u00edsta, ex del verde y ahora consumado morenista, no pasar\u00e1 a la posteridad. \u00a1L\u00e1stima!<\/p>\n<p>A su llegada a San L\u00e1zaro, el consejero-presidente C\u00f3rdova, dej\u00f3 muy en claro que \u201ces falso que el INE quiera bloquear los ejercicios de participaci\u00f3n de democracia directa, al contrario\u201d, al tiempo que explic\u00f3 el por qu\u00e9 la solicitud de recursos para dicho Instituto, en la que abund\u00f3 que en el caso de que se lleve a cabo la revocaci\u00f3n de mandato, que tiene como fecha tentativa el 27 de marzo del a\u00f1o entrante, este ejercicio es equiparable a organizar una elecci\u00f3n de principio a fin y de no llevarse a cabo, entonces los recursos se regresan a la Secretar\u00eda de Hacienda.<\/p>\n<p>Ante los reclamos de los diputados de Morena respecto a que los consejeros del INE ganan \u201ctres veces m\u00e1s que el presidente\u201d, el doctor C\u00f3rdova revir\u00f3 una y otra vez que el asunto est\u00e1 en la Suprema Corte de Justicia de la Naci\u00f3n y que ellos respetar\u00e1n el fallo que emita el m\u00e1ximo tribunal.<\/p>\n<p>Frente a una evidente y manipulada cerraz\u00f3n de diputados del partido oficial y r\u00e9moras, respecto a que el INE invad\u00eda facultades del Legislativo, el consejero-presidente revir\u00f3 con una cita de su padre, <strong>Arnaldo C\u00f3rdova<\/strong>, -un verdadero l\u00edder de izquierda, no como otros-, en la que hace ya varias d\u00e9cadas se\u00f1al\u00f3 que la democracia solo puede darse como una posibilidad cuando la vida p\u00fablica se rige por la divisi\u00f3n de Poderes. En este sentido, hay que recordar que es el presidente <strong>Andr\u00e9s Manuel L\u00f3pez Obrador<\/strong>, inspirado por aires centralistas, quien ha querido, constantemente, invadir la esfera de los otros Poderes; recu\u00e9rdense sus ataques al Poder Judicial, o como pretende quitarle la autonom\u00eda a la UNAM, y en el caso de la comparecencia del titular del INE, la orden fue el ataque y la provocaci\u00f3n por parte del partido oficial, para seguir en su obsesi\u00f3n de quitarle la autonom\u00eda al INE.<\/p>\n<p>El doctor C\u00f3rdova, -lo dicho-, les dio lecciones a los legisladores del partido oficial y sus r\u00e9moras. En su comparecencia se\u00f1al\u00f3: \u201cno hay democracia sin que haya divisi\u00f3n de Poderes, aunque claro, puede haber divisi\u00f3n de Poderes sin que haya democracia\u201d y como para que lo reflexionen los seguidores del presidente, subray\u00f3: \u201cla democracia es una de las inversiones p\u00fablicas m\u00e1s importantes que ha hecho M\u00e9xico\u201d. Igualmente revent\u00f3 de coraje a morenistas e incluso en Palacio Nacional, que el doctor C\u00f3rdova recordara que el INE, es el Instituto que m\u00e1s confianza les da a los mexicanos.<\/p>\n<p style=\"text-align: center;\"><strong>Municiones<\/strong><\/p>\n<p>*** Muy tranquila andaba de campa\u00f1a de cara al 2024 la siempre eficiente jefa de Gobierno de la CDMX, <strong>Claudia Sheinbaum<\/strong>, cuando qued\u00f3 evidenciado que ni en el gabinete lopezobradorista ni en el suyo, la corrupci\u00f3n se ha erradicado. Despu\u00e9s de todas las veces que la funcionaria capitalina ha sido \u201ctapadera\u201d ni m\u00e1s ni menos que de la ex directora del Metro, <strong>Florencia Serran\u00eda Soto<\/strong>, por la tragedia ocurrida el pasado 3 de mayo, a la que no le ha dado soluci\u00f3n, por cierto, su secretaria de Turismo, <strong>Paola F\u00e9lix D\u00edaz<\/strong>, dio a conocer que es una, ahora ex funcionaria, corrupta. Sin embargo, la se\u00f1ora Sheinbaum Pardo, en esas \u201cmaromas\u201d que acostumbra, quiso desviar la atenci\u00f3n al decir que ning\u00fan funcionario de su gobierno se sube a un avi\u00f3n privado. No, ese no es el problema, flamante jefa de Gobierno de la CDMX, el \u201cquid\u201d del asunto es que su tambi\u00e9n amiga cercana viajaba con alrededor de 35 mil d\u00f3lares en efectivo repartidos en sobres, que no hab\u00edan sido declarados. O sea, al estilo <strong>P\u00edo L\u00f3pez Obrador<\/strong>, \u00bfno? Se reitera, el problema no es que haya viajado en un avi\u00f3n privado acompa\u00f1ada, presuntamente, de un conocid\u00edsimo productor teatral, al que se dice, le habr\u00eda entregado la organizaci\u00f3n y producci\u00f3n del desfile de D\u00eda de Muertos, \u00bfser\u00e1?, sino que llevaba y en d\u00f3lares, recursos que qui\u00e9n sabe de d\u00f3nde sac\u00f3 y ser\u00eda muy buena opci\u00f3n que lo explicara.<\/p>\n<p>*** La ahora ex funcionaria capitalina actu\u00f3 igualito tambi\u00e9n que el l\u00edder de Morena, <strong>Mario Mart\u00edn Delgado<\/strong>, a quien la semana pasada captaron saliendo de Palacio Nacional con mochilas que se ve\u00edan repletas, \u00bfde qu\u00e9?, es la pregunta. Bueno, hasta carrito para el tianguis sobre ruedas llevaba Delgado Carrillo, a pie, caminando sudoroso y soportando el peso de lo que sea que estaba cargando. \u00a1Qu\u00e9 tal!<\/p>\n<p><u><a href=\"mailto:morcora@gmail.com\" target=\"_blank\" rel=\"noopener noreferrer\"><em>morcora@gmail.com<\/em><\/a><\/u><\/p>\n","protected":false},"excerpt":{"rendered":"<p><span style=\"color: #005497;\"><strong>Adriana Moreno Cordero<\/strong><\/span><\/p>\n","protected":false},"author":3,"featured_media":0,"comment_status":"open","ping_status":"open","sticky":false,"template":"","format":"standard","meta":{"_monsterinsights_skip_tracking":false,"_monsterinsights_sitenote_active":false,"_monsterinsights_sitenote_note":"","_monsterinsights_sitenote_category":0,"footnotes":""},"categories":[69370],"tags":[69369,69368,43674],"class_list":["post-526441","post","type-post","status-publish","format-standard","hentry","category-adriana-moreno-cordero","tag-adriana-moreno-cordero","tag-la-retaguardia","tag-opinion"],"_links":{"self":[{"href":"https:\/\/www.diarioimagen.net\/index.php?rest_route=\/wp\/v2\/posts\/526441","targetHints":{"allow":["GET"]}}],"collection":[{"href":"https:\/\/www.diarioimagen.net\/index.php?rest_route=\/wp\/v2\/posts"}],"about":[{"href":"https:\/\/www.diarioimagen.net\/index.php?rest_route=\/wp\/v2\/types\/post"}],"author":[{"embeddable":true,"href":"https:\/\/www.diarioimagen.net\/index.php?rest_route=\/wp\/v2\/users\/3"}],"replies":[{"embeddable":true,"href":"https:\/\/www.diarioimagen.net\/index.php?rest_route=%2Fwp%2Fv2%2Fcomments&post=526441"}],"version-history":[{"count":0,"href":"https:\/\/www.diarioimagen.net\/index.php?rest_route=\/wp\/v2\/posts\/526441\/revisions"}],"wp:attachment":[{"href":"https:\/\/www.diarioimagen.net\/index.php?rest_route=%2Fwp%2Fv2%2Fmedia&parent=526441"}],"wp:term":[{"taxonomy":"category","embeddable":true,"href":"https:\/\/www.diarioimagen.net\/index.php?rest_route=%2Fwp%2Fv2%2Fcategories&post=526441"},{"taxonomy":"post_tag","embeddable":true,"href":"https:\/\/www.diarioimagen.net\/index.php?rest_route=%2Fwp%2Fv2%2Ftags&post=526441"}],"curies":[{"name":"wp","href":"https:\/\/api.w.org\/{rel}","templated":true}]}}