{"id":526445,"date":"2021-11-08T00:05:09","date_gmt":"2021-11-08T06:05:09","guid":{"rendered":"https:\/\/www.diarioimagen.net\/?p=526445"},"modified":"2021-11-08T04:28:06","modified_gmt":"2021-11-08T10:28:06","slug":"el-delirio-presidencial","status":"publish","type":"post","link":"https:\/\/www.diarioimagen.net\/?p=526445","title":{"rendered":"El delirio presidencial"},"content":{"rendered":"<h2>Perfil de M\u00e9xico<\/h2>\n<h5>Armando R\u00edos Ruiz<\/h5>\n<p>&nbsp;<\/p>\n<p>Tal vez ocurra. Tal vez no. El presidente L\u00f3pez debe acostumbrarse cuanto antes a los desmentidos que le hacen otros gobiernos. En M\u00e9xico ya es natural que profiera falsedades a diestro y siniestro y que un grupo delirante de seguidores le crea y le aplauda, por m\u00e1s inveros\u00edmiles que suenan sus dichos.<\/p>\n<p>Acusa un delirio de grandeza que no repara en exhibir, en aras de apuntalar s\u00f3lo ante los ojos de sus admiradores, que realmente es un ser superior a los que jam\u00e1s han conocido. Que no se equivocaron al elegirlo Presidente. Que no se equivocan al mantener inalterable su admiraci\u00f3n y su devoci\u00f3n a \u00e9l. Que no se equivocar\u00e1n si vuelven a votar por \u00e9l.<\/p>\n<p>Sabe que los otros, a los que llama neoliberales y conservadores, no podr\u00e1 convencerlos jam\u00e1s de su falsa grandeza. Al contrario. Cada d\u00eda les demuestra sus verdaderas intenciones. Su pobreza de esp\u00edritu. Su incapacidad. Su falta de visi\u00f3n y su carencia de todo lo que puede calificarse como bueno. Cada d\u00eda les revela su peque\u00f1ez que quiere ocultar con dichos de que es diferente, ejemplar, superior, preocupado por ciertas clases sociales y con auto alabanzas.<\/p>\n<p>\u00bfPor qu\u00e9 la diferencia? Porque los neoliberales, los conservadores han demostrado en estos tres a\u00f1os de su gobierno, que piensan con m\u00e1s claridad que sus chairos devotos. Que su preparaci\u00f3n es superior, aunque se lea y escuche mal. Que tienen mayor capacidad para discernir. Por lo menos para esto ha servido el prop\u00f3sito presidencial de dividir al pueblo: para darnos cuenta de la diferencia entre unos y otros. En el bando de sus simpatizantes tambi\u00e9n hay inteligentes y preparados. Pero por intereses muy redituables.<\/p>\n<p>Sus misas matutinas han servido \u00faltimamente para presumir la inmensidad de su grandeza, sin conocer el dicho popular: \u201calabanza en boca propia es vituperio\u201d. Dijo que es el segundo mejor Presidente del mundo, s\u00f3lo superado por Nadendra Modi, primer ministro de La India. Pero de inmediato lo desmintieron, porque la medici\u00f3n que lo coloca en ese lugar, s\u00f3lo se realiz\u00f3 entre 13 mandatarios y con una semana de duraci\u00f3n.<\/p>\n<p>Bueno. Acaba de volarse la barda. Desde su p\u00falpito asegur\u00f3 que la Declaratoria sobre los bosques y el uso de la tierra firmada por 131 pa\u00edses en la Conferencia de las Naciones Unidas sobre Cambio Clim\u00e1tico, surgi\u00f3 porque fue copiada de su programa implantado en M\u00e9xico, Sembrando Vida.<\/p>\n<p>Raro es que no le hayan copiado el uso del carb\u00f3n y del combust\u00f3leo. O que no le hayan hecho una propuesta de comprarlo a M\u00e9xico, directamente al senador Armando Guadiana, que ser\u00eda el aportador oficial, de aprobarse la reforma energ\u00e9tica que pretende, por ser el mejor del mundo o de los mejores del mundo o algo as\u00ed, para mantener la importancia que cree tener.<\/p>\n<p>Pero tambi\u00e9n lo desmintieron. Le dijeron secamente: \u00a1esto es falso!<strong> \u201c<\/strong>Ni el pacto mismo ni alg\u00fan otro documento oficial de la COP26 mencionan que la Declaratoria se haya basado en dicho programa, ni que la haya propuesto M\u00e9xico, y las autoridades mexicanas no han presentado pruebas sobre este v\u00ednculo\u201d.<\/p>\n<p><strong>\u201c<\/strong>Lo que s\u00ed se\u00f1ala la Declaratoria forestal firmada en la COP26 es que proviene y \u201creafirma\u201d compromisos colectivos e individuales que vienen de\u00a0la Convenci\u00f3n Marco de las Naciones Unidas sobre el Cambio Clim\u00e1tico, a la que se sum\u00f3 M\u00e9xico desde 1993, y sobre todo, a los avances en el tema del Acuerdo clim\u00e1tico de Par\u00eds, firmado desde 2015\u201d.<\/p>\n<p>Lo anterior revela que est\u00e1 convencido de que sus programas clientelares son tan trascendentes, que en el mundo nadie tiene cabeza para percibir algo parecido. Hay que copiar el programa aunque est\u00e9 plagado de defectos, porque no hay otro y nadie en todo el planeta tiene idea de qu\u00e9 aportar al respecto.<\/p>\n<p>Las cr\u00edticas por la presunci\u00f3n se multiplicaron. Los expertos del tema ambiental coincidieron en que se trata de una falsedad, como las que hoy abundan en nuestro pa\u00eds, proferidas por el\u00a0 mandatario m\u00e1s mentiroso que haya tenido oportunidad de llegar a la Presidencia.<\/p>\n<p><a href=\"mailto:ariosruiz@gmail.com\" target=\"_blank\" rel=\"noopener noreferrer\"><em>ariosruiz@gmail.com<\/em><\/a><\/p>\n","protected":false},"excerpt":{"rendered":"<p><span style=\"color: #005497;\"><strong>Armando R\u00edos Ruiz<\/strong><\/span><\/p>\n","protected":false},"author":3,"featured_media":0,"comment_status":"open","ping_status":"open","sticky":false,"template":"","format":"standard","meta":{"_monsterinsights_skip_tracking":false,"_monsterinsights_sitenote_active":false,"_monsterinsights_sitenote_note":"","_monsterinsights_sitenote_category":0,"footnotes":""},"categories":[88405],"tags":[88407,43674,91193],"class_list":["post-526445","post","type-post","status-publish","format-standard","hentry","category-armando-rios-ruiz","tag-armando-rios-ruiz","tag-opinion","tag-perfil-de-mexico"],"_links":{"self":[{"href":"https:\/\/www.diarioimagen.net\/index.php?rest_route=\/wp\/v2\/posts\/526445","targetHints":{"allow":["GET"]}}],"collection":[{"href":"https:\/\/www.diarioimagen.net\/index.php?rest_route=\/wp\/v2\/posts"}],"about":[{"href":"https:\/\/www.diarioimagen.net\/index.php?rest_route=\/wp\/v2\/types\/post"}],"author":[{"embeddable":true,"href":"https:\/\/www.diarioimagen.net\/index.php?rest_route=\/wp\/v2\/users\/3"}],"replies":[{"embeddable":true,"href":"https:\/\/www.diarioimagen.net\/index.php?rest_route=%2Fwp%2Fv2%2Fcomments&post=526445"}],"version-history":[{"count":0,"href":"https:\/\/www.diarioimagen.net\/index.php?rest_route=\/wp\/v2\/posts\/526445\/revisions"}],"wp:attachment":[{"href":"https:\/\/www.diarioimagen.net\/index.php?rest_route=%2Fwp%2Fv2%2Fmedia&parent=526445"}],"wp:term":[{"taxonomy":"category","embeddable":true,"href":"https:\/\/www.diarioimagen.net\/index.php?rest_route=%2Fwp%2Fv2%2Fcategories&post=526445"},{"taxonomy":"post_tag","embeddable":true,"href":"https:\/\/www.diarioimagen.net\/index.php?rest_route=%2Fwp%2Fv2%2Ftags&post=526445"}],"curies":[{"name":"wp","href":"https:\/\/api.w.org\/{rel}","templated":true}]}}