{"id":526561,"date":"2021-11-09T00:03:11","date_gmt":"2021-11-09T06:03:11","guid":{"rendered":"https:\/\/www.diarioimagen.net\/?p=526561"},"modified":"2021-11-09T06:06:59","modified_gmt":"2021-11-09T12:06:59","slug":"concreta-el-proceso-de-deposito-y-resguardo-de-informacion-del-dif-huixquilucan","status":"publish","type":"post","link":"https:\/\/www.diarioimagen.net\/?p=526561","title":{"rendered":"Concreta el proceso de dep\u00f3sito y resguardo de informaci\u00f3n del DIF Huixquilucan"},"content":{"rendered":"<p>&nbsp;<\/p>\n<p><a href=\"https:\/\/www.diarioimagen.net\/?attachment_id=526662\" rel=\"attachment wp-att-526662\"><img loading=\"lazy\" decoding=\"async\" class=\"aligncenter size-full wp-image-526662\" src=\"https:\/\/www.diarioimagen.net\/wp-content\/uploads\/2021\/11\/huixquilucan-6.jpg\" alt=\"\" width=\"460\" height=\"270\" \/><\/a><\/p>\n<p>&nbsp;<\/p>\n<p><strong>Huixquilucan, Estado de M\u00e9xico.\u2014<\/strong> La presidenta municipal por ministerio de Ley, Mar\u00eda Eugenia Torres P\u00e9rez Tejada y la presidenta del Sistema Municipal para el Desarrollo Integral de la Familia, Romina Contreras de Vargas, concretaron el proceso de dep\u00f3sito y resguardo de informaci\u00f3n del DIF Huixquilucan.<\/p>\n<p>Dicho procedimiento, que forma parte del proceso de entrega-recepci\u00f3n de la administraci\u00f3n 2019-2021, fue atestiguado por personal del \u00d3rgano Superior de Fiscalizaci\u00f3n del Estado de M\u00e9xico (OSFEM) y la Procuradora de Protecci\u00f3n de Ni\u00f1as, Ni\u00f1os y Adolescentes del DIF Estado de M\u00e9xico, Cristel Yunuen Pozas.<\/p>\n","protected":false},"excerpt":{"rendered":"<p>La presidenta municipal por ministerio de Ley, Mar\u00eda Eugenia Torres P\u00e9rez Tejada y la presidenta del Sistema Municipal para el Desarrollo Integral de la Familia, Romina Contreras de Vargas, concretaron el proceso de dep\u00f3sito y resguardo de informaci\u00f3n del DIF Huixquilucan.<\/p>\n","protected":false},"author":3,"featured_media":526662,"comment_status":"open","ping_status":"open","sticky":false,"template":"","format":"standard","meta":{"_monsterinsights_skip_tracking":false,"_monsterinsights_sitenote_active":false,"_monsterinsights_sitenote_note":"","_monsterinsights_sitenote_category":0,"footnotes":""},"categories":[5],"tags":[2954,43675,1097],"class_list":["post-526561","post","type-post","status-publish","format-standard","has-post-thumbnail","hentry","category-estado-de-mexico","tag-dif","tag-estado-de-mexico","tag-huixquilucan"],"_links":{"self":[{"href":"https:\/\/www.diarioimagen.net\/index.php?rest_route=\/wp\/v2\/posts\/526561","targetHints":{"allow":["GET"]}}],"collection":[{"href":"https:\/\/www.diarioimagen.net\/index.php?rest_route=\/wp\/v2\/posts"}],"about":[{"href":"https:\/\/www.diarioimagen.net\/index.php?rest_route=\/wp\/v2\/types\/post"}],"author":[{"embeddable":true,"href":"https:\/\/www.diarioimagen.net\/index.php?rest_route=\/wp\/v2\/users\/3"}],"replies":[{"embeddable":true,"href":"https:\/\/www.diarioimagen.net\/index.php?rest_route=%2Fwp%2Fv2%2Fcomments&post=526561"}],"version-history":[{"count":0,"href":"https:\/\/www.diarioimagen.net\/index.php?rest_route=\/wp\/v2\/posts\/526561\/revisions"}],"wp:featuredmedia":[{"embeddable":true,"href":"https:\/\/www.diarioimagen.net\/index.php?rest_route=\/wp\/v2\/media\/526662"}],"wp:attachment":[{"href":"https:\/\/www.diarioimagen.net\/index.php?rest_route=%2Fwp%2Fv2%2Fmedia&parent=526561"}],"wp:term":[{"taxonomy":"category","embeddable":true,"href":"https:\/\/www.diarioimagen.net\/index.php?rest_route=%2Fwp%2Fv2%2Fcategories&post=526561"},{"taxonomy":"post_tag","embeddable":true,"href":"https:\/\/www.diarioimagen.net\/index.php?rest_route=%2Fwp%2Fv2%2Ftags&post=526561"}],"curies":[{"name":"wp","href":"https:\/\/api.w.org\/{rel}","templated":true}]}}