{"id":526563,"date":"2021-11-09T00:04:35","date_gmt":"2021-11-09T06:04:35","guid":{"rendered":"https:\/\/www.diarioimagen.net\/?p=526563"},"modified":"2021-11-09T06:07:40","modified_gmt":"2021-11-09T12:07:40","slug":"fortalece-operagua-izcalli-acciones-sobre-cultura-del-agua-para-su-uso-responsable","status":"publish","type":"post","link":"https:\/\/www.diarioimagen.net\/?p=526563","title":{"rendered":"Fortalece Operagua Izcalli acciones sobre cultura del agua para su uso responsable"},"content":{"rendered":"<p>&nbsp;<\/p>\n<ul>\n<li><strong><em>Acercamiento con los distintos sectores del municipio<\/em><\/strong><\/li>\n<\/ul>\n<p>&nbsp;<\/p>\n<div id=\"attachment_526666\" style=\"width: 470px\" class=\"wp-caption aligncenter\"><a href=\"https:\/\/www.diarioimagen.net\/?attachment_id=526666\" rel=\"attachment wp-att-526666\"><img loading=\"lazy\" decoding=\"async\" aria-describedby=\"caption-attachment-526666\" class=\"size-full wp-image-526666\" src=\"https:\/\/www.diarioimagen.net\/wp-content\/uploads\/2021\/11\/cuautitlan-3.jpg\" alt=\"\" width=\"460\" height=\"270\" \/><\/a><p id=\"caption-attachment-526666\" class=\"wp-caption-text\">Operagua Izcalli contin\u00faa fomentando entre las y los ciudadanos de Cuautitl\u00e1n Izcalli los principios de uso responsable, cuidado y ahorro del agua.<\/p><\/div>\n<p>&nbsp;<\/p>\n<p><strong>Cuautitl\u00e1n Izcalli, Estado de M\u00e9xico.\u2014<\/strong> Como parte del compromiso de Operagua Izcalli para continuar fomentando entre las y los ciudadanos de Cuautitl\u00e1n Izcalli los principios de uso responsable, cuidado y ahorro del agua, la Unidad de Capacitaci\u00f3n en Cultura del Agua desarroll\u00f3 durante 2021 diversas acciones con las cuales se cumpli\u00f3 ese acercamiento a los distintos sectores del municipio.<\/p>\n<p>De acuerdo con datos del \u00e1rea, entre enero y octubre se realizaron 167 pl\u00e1ticas de concientizaci\u00f3n a distintos sectores de la sociedad, de las cuales 32 se hicieron de manera presencial y 88 se efectuaron virtualmente ante alumnos de nivel Preescolar y Primaria, as\u00ed como 10 m\u00e1s con padres de familia.<\/p>\n<p>Para ello, se desarrollaron de manera digital los contenidos de la informaci\u00f3n adecuados a cada nivel acad\u00e9mico y sector social, abarcando la importancia del agua para los seres vivos, ciclo del agua, basura y prevenci\u00f3n de inundaciones, huella h\u00eddrica, disposici\u00f3n del agua a nivel mundial, regional y local, captaci\u00f3n de agua de lluvia y acciones que contribuyen a un uso m\u00e1s eficiente de ese recurso.<\/p>\n<p>Se realizaron acciones de Cultura del Agua de manera presencial durante los cursos de verano convocados por la Organizaci\u00f3n Hauska en San Juan Atlamica, Comit\u00e9 del Parque \u00c1gora Las Torres y por el Instituto Municipal del Deporte de Cuautitl\u00e1n Izcalli, impartiendo 24 pl\u00e1ticas de manera conjunta, cada una reforzada con un taller de elaboraci\u00f3n de productos con material de reciclaje, relacionado al cuidado del agua.<\/p>\n<p>A fin de llegar a las diferentes comunidades, se impartieron 13 pl\u00e1ticas ante vecinos de La Quebrada, Ampliaci\u00f3n La Quebrada, pueblo El Rosario, Francisco Villa y Arcos de la Hacienda, a quienes se habl\u00f3 de la crisis mundial y local por falta de agua, el uso de \u00e9sta para los sectores productivos y la concientizaci\u00f3n respecto al consumo excesivo de agua, tanto de manera directa como indirecta.<\/p>\n<p>A pesar de las limitaciones de movilidad derivadas de la pandemia por el Covid-19, se efectuaron de manera virtual tres videoconferencias enfocadas en difundir temas relacionados a las diferentes acciones que contribuyan al cuidado del agua: protecci\u00f3n y conservaci\u00f3n de humedales, captaci\u00f3n de agua de lluvia, uso responsable de agua en diversos sectores productivos y sobre estrategias para la ense\u00f1anza de la Cultura del Agua.<\/p>\n<p>Con estas acciones, Operagua Izcalli refrenda su compromiso para difundir entre las y los habitantes de Cuautitl\u00e1n Izcalli los consejos, estrategias y acciones que deriven en un uso m\u00e1s responsable del agua.<\/p>\n","protected":false},"excerpt":{"rendered":"<p>Como parte del compromiso de Operagua Izcalli para continuar fomentando entre las y los ciudadanos de Cuautitl\u00e1n Izcalli los principios de uso responsable, cuidado y ahorro del agua, la Unidad de Capacitaci\u00f3n en Cultura del Agua desarroll\u00f3 durante 2021 diversas acciones con las cuales se cumpli\u00f3 ese acercamiento a los distintos sectores del municipio.<\/p>\n","protected":false},"author":3,"featured_media":526666,"comment_status":"open","ping_status":"open","sticky":false,"template":"","format":"standard","meta":{"_monsterinsights_skip_tracking":false,"_monsterinsights_sitenote_active":false,"_monsterinsights_sitenote_note":"","_monsterinsights_sitenote_category":0,"footnotes":""},"categories":[5],"tags":[971,43685,43675,73243],"class_list":["post-526563","post","type-post","status-publish","format-standard","has-post-thumbnail","hentry","category-estado-de-mexico","tag-cuautitlan-izcalli","tag-cultura","tag-estado-de-mexico","tag-responsable"],"_links":{"self":[{"href":"https:\/\/www.diarioimagen.net\/index.php?rest_route=\/wp\/v2\/posts\/526563","targetHints":{"allow":["GET"]}}],"collection":[{"href":"https:\/\/www.diarioimagen.net\/index.php?rest_route=\/wp\/v2\/posts"}],"about":[{"href":"https:\/\/www.diarioimagen.net\/index.php?rest_route=\/wp\/v2\/types\/post"}],"author":[{"embeddable":true,"href":"https:\/\/www.diarioimagen.net\/index.php?rest_route=\/wp\/v2\/users\/3"}],"replies":[{"embeddable":true,"href":"https:\/\/www.diarioimagen.net\/index.php?rest_route=%2Fwp%2Fv2%2Fcomments&post=526563"}],"version-history":[{"count":0,"href":"https:\/\/www.diarioimagen.net\/index.php?rest_route=\/wp\/v2\/posts\/526563\/revisions"}],"wp:featuredmedia":[{"embeddable":true,"href":"https:\/\/www.diarioimagen.net\/index.php?rest_route=\/wp\/v2\/media\/526666"}],"wp:attachment":[{"href":"https:\/\/www.diarioimagen.net\/index.php?rest_route=%2Fwp%2Fv2%2Fmedia&parent=526563"}],"wp:term":[{"taxonomy":"category","embeddable":true,"href":"https:\/\/www.diarioimagen.net\/index.php?rest_route=%2Fwp%2Fv2%2Fcategories&post=526563"},{"taxonomy":"post_tag","embeddable":true,"href":"https:\/\/www.diarioimagen.net\/index.php?rest_route=%2Fwp%2Fv2%2Ftags&post=526563"}],"curies":[{"name":"wp","href":"https:\/\/api.w.org\/{rel}","templated":true}]}}