{"id":526679,"date":"2021-11-10T00:05:17","date_gmt":"2021-11-10T06:05:17","guid":{"rendered":"https:\/\/www.diarioimagen.net\/?p=526679"},"modified":"2021-11-11T07:42:18","modified_gmt":"2021-11-11T13:42:18","slug":"uaem-institucion-sensible-y-renovada-ante-los-retos-del-siglo-xxi-senala-el-rector-carlos-eduardo-barrera-diaz","status":"publish","type":"post","link":"https:\/\/www.diarioimagen.net\/?p=526679","title":{"rendered":"UAEM, instituci\u00f3n sensible y renovada ante los retos del siglo XXI, se\u00f1ala el rector Carlos Eduardo Barrera D\u00edaz"},"content":{"rendered":"<p><em>\u00a0<\/em><\/p>\n<ul>\n<li><strong><em>Al presidir la ceremonia conmemorativa al 44 aniversario de la Licenciatura en Antropolog\u00eda Social, mencion\u00f3 que el compromiso de esta administraci\u00f3n es escuchar y atender las necesidades de la comunidad universitaria<\/em><\/strong><\/li>\n<\/ul>\n<p>&nbsp;<\/p>\n<div id=\"attachment_526781\" style=\"width: 470px\" class=\"wp-caption aligncenter\"><a href=\"https:\/\/www.diarioimagen.net\/?attachment_id=526781\" rel=\"attachment wp-att-526781\"><img loading=\"lazy\" decoding=\"async\" aria-describedby=\"caption-attachment-526781\" class=\"size-full wp-image-526781\" src=\"https:\/\/www.diarioimagen.net\/wp-content\/uploads\/2021\/11\/uaem-4.jpg\" alt=\"\" width=\"460\" height=\"270\" \/><\/a><p id=\"caption-attachment-526781\" class=\"wp-caption-text\">El rector de la UAEM, Carlos Eduardo Barrera D\u00edaz, detall\u00f3 que se ha avanzado en trabajos de infraestructura en la Facultad de Antropolog\u00eda como la ampliaci\u00f3n del Edificio A.<\/p><\/div>\n<p>&nbsp;<\/p>\n<p><strong>Toluca, Estado de M\u00e9xico.-<\/strong> El compromiso de la Administraci\u00f3n 2021-2025 de la Universidad Aut\u00f3noma del Estado de M\u00e9xico (UAEM) es escuchar y atender las necesidades de la comunidad universitaria, sostuvo el rector Carlos Eduardo Barrera D\u00edaz, al presidir la ceremonia conmemorativa al 44 aniversario de la Licenciatura en Antropolog\u00eda Social.<\/p>\n<p>Detall\u00f3 que se ha avanzado en trabajos de infraestructura en la Facultad de Antropolog\u00eda como la ampliaci\u00f3n del Edificio A, consistente en la construcci\u00f3n de tres aulas y cubierta de acero. Del mismo modo, se adquiri\u00f3 un hidroneum\u00e1tico que mejorar\u00e1 la presi\u00f3n de agua en los edificios.<\/p>\n<p>Abund\u00f3 que se reemplaz\u00f3 el domo de policarbonato por un techo de teja y se instalaron dos rellenadores de agua, con lo cual se atiende la sustentabilidad y reducci\u00f3n del uso y contaminaci\u00f3n por pl\u00e1stico como el PET.<\/p>\n<p>El rector Carlos Eduardo Barrera mencion\u00f3 que la antropolog\u00eda es sensible ante los cambios que el mundo experimenta en la actualidad y ofrece una renovada perspectiva en el siglo XXI. \u201cPara el antrop\u00f3logo la diversidad provee el marco de referencia a trav\u00e9s del cual busca comprender cualquier aspecto de la experiencia humana\u201d.<\/p>\n<p>La encargada de la direcci\u00f3n de la Facultad de Antropolog\u00eda, Mireya N\u00fa\u00f1ez Mart\u00ednez, enfatiz\u00f3 que la Licenciatura en Antropolog\u00eda Social mantiene su pertinencia en la coyuntura actual.<\/p>\n<p>\u201cBuscamos cubrir las expectativas de la sociedad como preservar y difundir la cultura, el patrimonio y la identidad de las sociedades, a trav\u00e9s de la investigaci\u00f3n, la docencia y la difusi\u00f3n\u201d.<\/p>\n<p>En su oportunidad, el cronista de este organismo acad\u00e9mico, H\u00e9ctor Hern\u00e1ndez Rosales, refiri\u00f3 que en 1977 iniciaron los cursos antropol\u00f3gicos en la Facultad de Humanidades y fue hasta 1987 cuando se cre\u00f3 la Escuela de Antropolog\u00eda en el Campus \u201cLos Uribe\u201d.<\/p>\n<p>Indic\u00f3 que en 1991 la Escuela se traslad\u00f3 a su ubicaci\u00f3n actual en el Campus \u201cCol\u00f3n\u201d, donde comparti\u00f3 espacios con la Facultad de Planeaci\u00f3n Urbana y Regional. En 1995 se transform\u00f3 en Facultad de Antropolog\u00eda y en 1995 se formaliz\u00f3 este espacio exclusivo para dichos estudios.<\/p>\n<p>En el marco de esta ceremonia se entregaron reconocimientos a estudiantes con los mejores promedios de licenciatura y maestr\u00eda, as\u00ed como la Presea \u201cIgnacio Manuel Altamirano Basilio\u201d; asimismo, se entregaron reconocimientos a docentes y personal administrativo, por su compromiso y dedicaci\u00f3n al servicio de este espacio universitario.<\/p>\n","protected":false},"excerpt":{"rendered":"<p>El compromiso de la Administraci\u00f3n 2021-2025 de la Universidad Aut\u00f3noma del Estado de M\u00e9xico (UAEM) es escuchar y atender las necesidades de la comunidad universitaria, sostuvo el rector Carlos Eduardo Barrera D\u00edaz, al presidir la ceremonia conmemorativa al 44 aniversario de la Licenciatura en Antropolog\u00eda Social.\u00a0<\/p>\n","protected":false},"author":3,"featured_media":526781,"comment_status":"open","ping_status":"open","sticky":false,"template":"","format":"standard","meta":{"_monsterinsights_skip_tracking":false,"_monsterinsights_sitenote_active":false,"_monsterinsights_sitenote_note":"","_monsterinsights_sitenote_category":0,"footnotes":""},"categories":[5],"tags":[43675,452,1491],"class_list":["post-526679","post","type-post","status-publish","format-standard","has-post-thumbnail","hentry","category-estado-de-mexico","tag-estado-de-mexico","tag-toluca","tag-uaem"],"_links":{"self":[{"href":"https:\/\/www.diarioimagen.net\/index.php?rest_route=\/wp\/v2\/posts\/526679","targetHints":{"allow":["GET"]}}],"collection":[{"href":"https:\/\/www.diarioimagen.net\/index.php?rest_route=\/wp\/v2\/posts"}],"about":[{"href":"https:\/\/www.diarioimagen.net\/index.php?rest_route=\/wp\/v2\/types\/post"}],"author":[{"embeddable":true,"href":"https:\/\/www.diarioimagen.net\/index.php?rest_route=\/wp\/v2\/users\/3"}],"replies":[{"embeddable":true,"href":"https:\/\/www.diarioimagen.net\/index.php?rest_route=%2Fwp%2Fv2%2Fcomments&post=526679"}],"version-history":[{"count":0,"href":"https:\/\/www.diarioimagen.net\/index.php?rest_route=\/wp\/v2\/posts\/526679\/revisions"}],"wp:featuredmedia":[{"embeddable":true,"href":"https:\/\/www.diarioimagen.net\/index.php?rest_route=\/wp\/v2\/media\/526781"}],"wp:attachment":[{"href":"https:\/\/www.diarioimagen.net\/index.php?rest_route=%2Fwp%2Fv2%2Fmedia&parent=526679"}],"wp:term":[{"taxonomy":"category","embeddable":true,"href":"https:\/\/www.diarioimagen.net\/index.php?rest_route=%2Fwp%2Fv2%2Fcategories&post=526679"},{"taxonomy":"post_tag","embeddable":true,"href":"https:\/\/www.diarioimagen.net\/index.php?rest_route=%2Fwp%2Fv2%2Ftags&post=526679"}],"curies":[{"name":"wp","href":"https:\/\/api.w.org\/{rel}","templated":true}]}}