{"id":526713,"date":"2021-11-10T00:00:52","date_gmt":"2021-11-10T06:00:52","guid":{"rendered":"https:\/\/www.diarioimagen.net\/?p=526713"},"modified":"2021-11-10T03:47:57","modified_gmt":"2021-11-10T09:47:57","slug":"susana-zabaleta-amenizo-cena-negra-en-ny","status":"publish","type":"post","link":"https:\/\/www.diarioimagen.net\/?p=526713","title":{"rendered":"Susana Zabaleta ameniz\u00f3 \u201cCena Negra\u201d en NY"},"content":{"rendered":"<h2>Hora 14<\/h2>\n<h5>Mauricio Conde Olivares<\/h5>\n<p>&nbsp;<\/p>\n<p>Aerom\u00e9xico se uni\u00f3 al selecto grupo de compa\u00f1\u00edas que cuentan con la certificaci\u00f3n CEIV Pharma (Center of Excellence for Independent Validators in Pharmaceutical Logistics), que otorga la Asociaci\u00f3n Internacional de Transporte A\u00e9reo (IATA).<\/p>\n<p>Dicho certificado es resultado de los procesos, infraestructura, equipos, operaciones y personal calificado, con los que garantiza el cumplimiento de los m\u00e1s altos est\u00e1ndares para el transporte de productos farmac\u00e9uticos de temperatura controlada.<\/p>\n<p>Para su obtenci\u00f3n, Aerom\u00e9xico fue objeto de una rigurosa auditoria documental y en sitio, en aeronaves, almacenes y plataforma entre otros aspectos, para constatar el apego a los requerimientos definidos por la IATA y la industria farmac\u00e9utica.<\/p>\n<p>Gracias a ello, la aerol\u00ednea incrementar\u00e1 su conectividad en el transporte de productos farmac\u00e9uticos, destacando 10 hubs internacionales de Asia, Europa y Sudam\u00e9rica.<\/p>\n<p>\u201cEsta etapa de pandemia nos trajo muchos aprendizajes y puedo decir con orgullo que la infraestructura y talento de la aerol\u00ednea bandera de M\u00e9xico, nos permiti\u00f3 responder de una manera muy destacada a la demanda en el traslado de vacunas e insumos m\u00e9dicos, no s\u00f3lo en M\u00e9xico, sino en destinos nuevos para nosotros en m\u00e1s de 15 pa\u00edses de tres continentes\u201d, coment\u00f3 Alejandro M\u00e9ndez Gonz\u00e1lez, Vicepresidente Senior de Aerom\u00e9xico Cargo, y a\u00f1adi\u00f3: \u201cLa certificaci\u00f3n es s\u00edmbolo de la garant\u00eda de que cada medicamento y producto que salva vidas, es manejado, transportado y entregado en condiciones \u00f3ptimas\u201d.<\/p>\n<p>Desde el inicio de la pandemia y hasta la fecha, Aerom\u00e9xico ha realizado cerca de 400 vuelos ch\u00e1rter a 15 pa\u00edses trasladando casi 7 mil toneladas de insumos relacionados a la salud, y m\u00e1s de 80 toneladas de sustancia activa para la elaboraci\u00f3n de vacunas contra el Covid-19.<\/p>\n<p>Aerom\u00e9xico Cargo opera en m\u00e1s de 35 aeropuertos de la Rep\u00fablica Mexicana y en m\u00faltiples destinos internacionales en EUA, Canad\u00e1, Centro y Sudam\u00e9rica, Asia y Europa.<\/p>\n<p>La carga m\u00e1s com\u00fan es de productos perecederos, animales vivos, bienes de alto valor, tecnolog\u00eda, f\u00e1rmacos e insumos m\u00e9dicos, entre otros.<\/p>\n<p>Aerom\u00e9xico\u00a0\u00a0tiene su principal centro de operaciones en la Terminal 2 del Aeropuerto Internacional de la Ciudad de M\u00e9xico. Su red de destinos tiene alcance en M\u00e9xico, Estados Unidos, Canad\u00e1, Centroam\u00e9rica, Sudam\u00e9rica, Asia y Europa. La flota operativa actual del Grupo est\u00e1 conformada por aviones Boeing 737 y 787, as\u00ed como Embraer 190 de \u00faltima generaci\u00f3n. Aerom\u00e9xico es socio fundador de SkyTeam, una alianza que cumple 21 a\u00f1os y ofrece conectividad a trav\u00e9s de las 19 aerol\u00edneas socias.<\/p>\n<p>Ahora, d\u00e9jeme comentarle que\u00a0el parque Xcaret celebr\u00f3 que la IAAPA, la m\u00e1s prestigiosa autoridad global en lo que refiere a los logros en la industria de atracciones, reconoci\u00f3 en los premios IAAPA Brass Ring de 2021 a Xcaret M\u00e9xico Espectacular como la mejor producci\u00f3n teatral a nivel mundial.<\/p>\n<p>Nominada junto con producciones exhibidas en Universal Studios Singapur y Disneyland Shangh\u00e1i, dentro de la categor\u00eda de entretenimiento en vivo,\u00a0el espect\u00e1culo mexicano, Xcaret M\u00e9xico Espectacular, se coron\u00f3 como la mejor producci\u00f3n teatral durante la edici\u00f3n 2021 de los premios IAAPA Brass Ring.<\/p>\n<p>\u201cNos es muy grato saber que los m\u00e1s de 22,500,000 personas que han visto Xcaret M\u00e9xico Espectacular, pueden decir que han disfrutado la mejor producci\u00f3n teatral del mundo, presentada en un parque\u201d, se\u00f1al\u00f3 Miguel Quintana Pali, Fundador y Director General de Grupo Xcaret.<\/p>\n<p><em>\u201c<\/em>Estamos muy honrados por haber recibido este importante galard\u00f3n que reconoce la calidad art\u00edstica y t\u00e9cnica de nuestro espect\u00e1culo, y muy orgullosos por poner el nombre de M\u00e9xico en alto y por llevar a M\u00e9xico en la piel\u201d, concluy\u00f3.<\/p>\n<p>Xcaret M\u00e9xico Espectacular, considerado el espect\u00e1culo con m\u00e1s presentaciones ininterrumpidas en M\u00e9xico, se ha posicionado como un referente de Quintana Roo y una actividad imperdible para las personas que visitan Canc\u00fan y la Riviera Maya.<\/p>\n<p>La representaci\u00f3n que diariamente se presenta ante 6,000 espectadores en el Gran Teatro Tlachco \u2014construido especialmente para esta obra dentro del parque Xcaret\u2014, retrata un viaje inigualable a trav\u00e9s de la historia de M\u00e9xico, por medio de leyendas, danzas t\u00edpicas y m\u00fasica en vivo, que hacen cantar y disfrutar a los visitantes mexicanos y extranjeros, quienes suelen terminar ovacionando de pie a los m\u00e1s de 300 artistas en escena.<\/p>\n<p>Veamos a M\u00e9xico Espectacular en n\u00fameros: M\u00e1s de 22,500,000 espectadores han disfrutado de este maravilloso espect\u00e1culo a trav\u00e9s de m\u00e1s de 10,000 representaciones.\u00a0M\u00e1s de 300 artistas: 134 m\u00fasicos, 25 cantantes, 54 bailarines, 32 danzantes prehisp\u00e1nicos, 23 jugadores de pelota prehisp\u00e1nica, 16 jinetes, charros y amazonas, 16 viejitos, 7 voladores y 36 t\u00e9cnicos de luz y sonido.<\/p>\n<p>As\u00ed las cosas con este grandioso espect\u00e1culo en nuestra Riviera Maya. Recordemos que\u00a0Grupo Xcaret es una empresa mexicana especializada en ofrecer experiencias \u00fanicas e inolvidables a sus visitantes, inspiradas en el respeto por la naturaleza, la cultura y la vida cuya trayectoria en la recreaci\u00f3n tur\u00edstica sostenible inici\u00f3 en 1990, posicion\u00e1ndose, hoy en d\u00eda, como los l\u00edderes en esta industria.<\/p>\n<p>Cuenta con tres unidades de negocio divididas en: Parques, bajo la que opera los parques m\u00e1s emblem\u00e1ticos de Canc\u00fan y la Riviera Maya: Xcaret, Xel-H\u00e1, Xplor, Xplor Fuego, Xoximilco, Xenses y Xavage; Hoteles, unidad de negocio que inici\u00f3 operaciones con la apertura en 2017 de Hotel Xcaret M\u00e9xico y el reci\u00e9n inaugurado Hotel Xcaret Arte, y Tours en los que ofrece recorridos \u00fanicos por Xich\u00e9n, Cob\u00e1, Tulum y Xenotes.<\/p>\n<p>Finalmente, le informo que\u00a0Visit Mexico y Visit Mexico USA terminaron las celebraciones del D\u00eda de Muertos en la Gran Manzana, Nueva York,\u00a0\u00a0a trav\u00e9s de la d\u00e9cima edici\u00f3n de la\u00a0<em>\u201c<\/em>Cena Negra<em>\u201d<\/em>, realizada la noche del pasado jueves 4 de noviembre con una experiencia culinaria creada por el Hotel Matilda ubicado en San Miguel de Allende, Guanajuato, que realizan todos los a\u00f1os para celebrar el D\u00eda de Muertos en M\u00e9xico.<\/p>\n<p>Con un men\u00fa 100% mexicano a cargo de la chef Gabriela Ruiz e inspirado en composiciones musicales diversas, se dieron cita invitados, autoridades, medios de comunicaci\u00f3n, as\u00ed como aliados de VisitMexico en ambos pa\u00edses. Esta es la primera vez que la celebraci\u00f3n de la Cena Negra se lleva a cabo fuera del hotel Matilda para llevarlo a Nueva York; para complementar el men\u00fa de 6 tiempos, la chef Fernanda Prado estuvo a cargo de la pasteler\u00eda y toda la cena estuvo maridada con vinos Casa Domecq as\u00ed como con mezcal Montelobos y Tequila Casa Dragones.<\/p>\n<p>La parte cultural y de entretenimiento incluy\u00f3 a los invitados, ya que se les conmin\u00f3 a asistir con maquillaje y disfraces de catr\u00edn y catrina que combinaba con la instalaci\u00f3n del artista pl\u00e1stico Alonso Cart\u00fa, quien ha sido reconocido con premios internacionales; se cont\u00f3 piezas de Menchaca Estudio por medio de Cesar Menchaca y piezas de los artistas contempor\u00e1neos Enrique Cabrera, Delia Gonz\u00e1lez, Andrea Zapata con la curadur\u00eda de Oscar Roman reconocido galerista mexicano. En la parte musical, el DJ Marco Almanza y la soprano Susana Zabaleta amenizaron la velada con ritmos tradicionales y modernos, as\u00ed como una muestra de \u201cBroadway in the Park\u201d, una serie de conciertos que se llevaran a cabo alrededor del pa\u00eds con una selecci\u00f3n de cantantes de Nueva York en los que Makken y VisitMexico son los creadores.<\/p>\n<p><em>\u201c<\/em>La celebraci\u00f3n del D\u00eda de Muertos en Nueva York es una excelente manera de promover y alentar a los viajeros estadounidenses a conocer m\u00e1s sobre las tradiciones y la riqueza de M\u00e9xico como un destino tur\u00edstico rico en cultura e historia. Todos estos hitos culturales aumentan la presencia de la marca y despiertan el deseo de viajar a M\u00e9xico una vez m\u00e1s<em>\u201d,<\/em>\u00a0declar\u00f3 Marcos Achar, Presidente de VisitMexico.<\/p>\n<p>Estamos m\u00e1s que emocionados de haber tra\u00eddo este evento en su d\u00e9cima edici\u00f3n a la ciudad de Nueva York por primera vez. Nuestra legendaria cena con una extravagancia culinaria inquietantemente deliciosa e innovadora que realizamos en el Hotel Matilda no hubiera sido posible sin el apoyo de VisitMexico y VisitMexico USA<em>\u201d,\u00a0<\/em>afirm\u00f3 Bruce James, gerente general y socio del Hotel Matilda.<\/p>\n<p>Esta edici\u00f3n de Cena Negra incorpora un componente social ya que parte de los ingresos de la misma ser\u00e1n destinados a apoyar proyectos de Fundaci\u00f3n Traves\u00eda Incluyente y Cambiando Modelos, organismos enfocados a la inclusi\u00f3n y oportunidades por igual a grupos minoritarios y con alg\u00fan tipo de discapacidad.<\/p>\n<p>\u201cEl cl\u00e1sico, hist\u00f3rico e ic\u00f3nico 48 Wall Street es un escenario maravilloso para la espectacular velada art\u00edstica y gastron\u00f3mica del D\u00eda de Muertos, estamos encantados de traer una de las tradiciones m\u00e1s festivas de la cultura mexicana y compartir esta celebraci\u00f3n con nuestros aliados aqu\u00ed en Nueva York.\u201d,<em>\u00a0<\/em>dijo Kent M. Swig, presidente de Visit Mexico USA.<\/p>\n<p>Por su parte Carlos Gonzalez, Director General de VisitMexico coment\u00f3:\u00a0<em>\u201c<\/em>la semana de M\u00e9xico en Nueva York represent\u00f3 la presencia de nuestro pa\u00eds nuevamente promoviendo la riqueza y diversidad que pueden encontrar los turistas al visitar M\u00e9xico, queremos seguir difundiendo por medio de eventos culturales, gastron\u00f3micos, deportivos, etc. las bondades de nuestro pa\u00eds\u201d; empero, lo anterior ser\u00e1 motivo de posterior an\u00e1lisis en otra entrega\u00a0de <strong><em>Hora 14<\/em><\/strong>.<\/p>\n<p><em><a href=\"mailto:%20mauricio_conde@msn.com\" target=\"_blank\" rel=\"noopener noreferrer\">mauricioconde59@outlook.com<\/a><\/em><br \/>\n<em><a href=\"https:\/\/twitter.com\/mauconde007\" target=\"_blank\" rel=\"noopener noreferrer\">@mauconde007<\/a> <\/em><br \/>\n<em><a href=\"https:\/\/mauriciocondeblog.wordpress.com\" target=\"_blank\" rel=\"noopener noreferrer\">https:\/\/mauriciocondeblog.wordpress.com<\/a><\/em><\/p>\n","protected":false},"excerpt":{"rendered":"<p><span style=\"color: #005497;\"><strong>Mauricio Conde Olivares<\/strong><\/span><\/p>\n","protected":false},"author":3,"featured_media":0,"comment_status":"open","ping_status":"open","sticky":false,"template":"","format":"standard","meta":{"_monsterinsights_skip_tracking":false,"_monsterinsights_sitenote_active":false,"_monsterinsights_sitenote_note":"","_monsterinsights_sitenote_category":0,"footnotes":""},"categories":[35889],"tags":[43712,43674,44860],"class_list":["post-526713","post","type-post","status-publish","format-standard","hentry","category-mauricio-conde-olivares","tag-mauricio-conde-olivares","tag-opinion","tag-hora-14"],"_links":{"self":[{"href":"https:\/\/www.diarioimagen.net\/index.php?rest_route=\/wp\/v2\/posts\/526713","targetHints":{"allow":["GET"]}}],"collection":[{"href":"https:\/\/www.diarioimagen.net\/index.php?rest_route=\/wp\/v2\/posts"}],"about":[{"href":"https:\/\/www.diarioimagen.net\/index.php?rest_route=\/wp\/v2\/types\/post"}],"author":[{"embeddable":true,"href":"https:\/\/www.diarioimagen.net\/index.php?rest_route=\/wp\/v2\/users\/3"}],"replies":[{"embeddable":true,"href":"https:\/\/www.diarioimagen.net\/index.php?rest_route=%2Fwp%2Fv2%2Fcomments&post=526713"}],"version-history":[{"count":0,"href":"https:\/\/www.diarioimagen.net\/index.php?rest_route=\/wp\/v2\/posts\/526713\/revisions"}],"wp:attachment":[{"href":"https:\/\/www.diarioimagen.net\/index.php?rest_route=%2Fwp%2Fv2%2Fmedia&parent=526713"}],"wp:term":[{"taxonomy":"category","embeddable":true,"href":"https:\/\/www.diarioimagen.net\/index.php?rest_route=%2Fwp%2Fv2%2Fcategories&post=526713"},{"taxonomy":"post_tag","embeddable":true,"href":"https:\/\/www.diarioimagen.net\/index.php?rest_route=%2Fwp%2Fv2%2Ftags&post=526713"}],"curies":[{"name":"wp","href":"https:\/\/api.w.org\/{rel}","templated":true}]}}