{"id":526727,"date":"2021-11-10T00:01:02","date_gmt":"2021-11-10T06:01:02","guid":{"rendered":"https:\/\/www.diarioimagen.net\/?p=526727"},"modified":"2021-11-10T09:26:59","modified_gmt":"2021-11-10T15:26:59","slug":"naucalpan-se-suma-a-programa-de-descuentos","status":"publish","type":"post","link":"https:\/\/www.diarioimagen.net\/?p=526727","title":{"rendered":"Naucalpan se suma a programa de descuentos"},"content":{"rendered":"<p>&nbsp;<\/p>\n<p><a href=\"https:\/\/www.diarioimagen.net\/?attachment_id=526822\" rel=\"attachment wp-att-526822\"><img loading=\"lazy\" decoding=\"async\" class=\"aligncenter size-full wp-image-526822\" src=\"https:\/\/www.diarioimagen.net\/wp-content\/uploads\/2021\/11\/naucalpan-5.jpg\" alt=\"\" width=\"460\" height=\"575\" \/><\/a><\/p>\n<p>&nbsp;<\/p>\n<p><strong>Naucalpan, Estado de M\u00e9xico<\/strong><strong>.\u2014 <\/strong>El gobierno de Naucalpan se suma a la campa\u00f1a de descuentos por el Buen Fin, con beneficios para las y los ciudadanos que acudan a pagar el impuesto predial.<\/p>\n<p>La Tesorer\u00eda municipal ofrece hasta el 100 por ciento de descuento en multas y recargos, as\u00ed como 50 por ciento de descuento por concepto de rezago correspondiente al 2019 y a\u00f1os anteriores.<\/p>\n<p>&nbsp;<\/p>\n","protected":false},"excerpt":{"rendered":"<p>El gobierno de Naucalpan se suma a la campa\u00f1a de descuentos por el Buen Fin, con beneficios para las y los ciudadanos que acudan a pagar el impuesto predial.<\/p>\n","protected":false},"author":3,"featured_media":526822,"comment_status":"open","ping_status":"open","sticky":false,"template":"","format":"standard","meta":{"_monsterinsights_skip_tracking":false,"_monsterinsights_sitenote_active":false,"_monsterinsights_sitenote_note":"","_monsterinsights_sitenote_category":0,"footnotes":""},"categories":[5],"tags":[51284,43675,970],"class_list":["post-526727","post","type-post","status-publish","format-standard","has-post-thumbnail","hentry","category-estado-de-mexico","tag-descuentos","tag-estado-de-mexico","tag-naucalpan"],"_links":{"self":[{"href":"https:\/\/www.diarioimagen.net\/index.php?rest_route=\/wp\/v2\/posts\/526727","targetHints":{"allow":["GET"]}}],"collection":[{"href":"https:\/\/www.diarioimagen.net\/index.php?rest_route=\/wp\/v2\/posts"}],"about":[{"href":"https:\/\/www.diarioimagen.net\/index.php?rest_route=\/wp\/v2\/types\/post"}],"author":[{"embeddable":true,"href":"https:\/\/www.diarioimagen.net\/index.php?rest_route=\/wp\/v2\/users\/3"}],"replies":[{"embeddable":true,"href":"https:\/\/www.diarioimagen.net\/index.php?rest_route=%2Fwp%2Fv2%2Fcomments&post=526727"}],"version-history":[{"count":0,"href":"https:\/\/www.diarioimagen.net\/index.php?rest_route=\/wp\/v2\/posts\/526727\/revisions"}],"wp:featuredmedia":[{"embeddable":true,"href":"https:\/\/www.diarioimagen.net\/index.php?rest_route=\/wp\/v2\/media\/526822"}],"wp:attachment":[{"href":"https:\/\/www.diarioimagen.net\/index.php?rest_route=%2Fwp%2Fv2%2Fmedia&parent=526727"}],"wp:term":[{"taxonomy":"category","embeddable":true,"href":"https:\/\/www.diarioimagen.net\/index.php?rest_route=%2Fwp%2Fv2%2Fcategories&post=526727"},{"taxonomy":"post_tag","embeddable":true,"href":"https:\/\/www.diarioimagen.net\/index.php?rest_route=%2Fwp%2Fv2%2Ftags&post=526727"}],"curies":[{"name":"wp","href":"https:\/\/api.w.org\/{rel}","templated":true}]}}