{"id":526871,"date":"2021-11-11T00:02:41","date_gmt":"2021-11-11T06:02:41","guid":{"rendered":"https:\/\/www.diarioimagen.net\/?p=526871"},"modified":"2021-11-11T07:56:51","modified_gmt":"2021-11-11T13:56:51","slug":"promueve-gobierno-de-armando-navarrete-acceso-de-los-ciudadanos-a-empleos-dignos","status":"publish","type":"post","link":"https:\/\/www.diarioimagen.net\/?p=526871","title":{"rendered":"Promueve gobierno de Armando Navarrete acceso de los ciudadanos a empleos dignos"},"content":{"rendered":"<p>&nbsp;<\/p>\n<ul>\n<li><strong><em>Se ofertaron casi 400 puestos laborales<\/em><\/strong><\/li>\n<\/ul>\n<p>&nbsp;<\/p>\n<div id=\"attachment_526959\" style=\"width: 470px\" class=\"wp-caption aligncenter\"><a href=\"https:\/\/www.diarioimagen.net\/?attachment_id=526959\" rel=\"attachment wp-att-526959\"><img loading=\"lazy\" decoding=\"async\" aria-describedby=\"caption-attachment-526959\" class=\"size-full wp-image-526959\" src=\"https:\/\/www.diarioimagen.net\/wp-content\/uploads\/2021\/11\/nicolas-2.jpg\" alt=\"\" width=\"460\" height=\"270\" \/><\/a><p id=\"caption-attachment-526959\" class=\"wp-caption-text\">El gobierno de Armando Navarrete llev\u00f3 a cabo la tercera edici\u00f3n, del programa \u201cJornadas de Empleo en Tu Comunidad\u201d, con la que se ofertaron casi 400 puestos laborales.<\/p><\/div>\n<p>&nbsp;<\/p>\n<p><strong>Nicol\u00e1s Romero, Estado de M\u00e9xico.\u2014<\/strong> Con el objetivo de combatir la desocupaci\u00f3n y promover el acceso de los ciudadanos a un empleo digno, el gobierno del alcalde Armando Navarrete L\u00f3pez, llev\u00f3 a cabo la tercera edici\u00f3n, del programa \u201cJornadas de Empleo en Tu Comunidad\u201d, con la que se ofertaron casi 400 puestos laborales.<\/p>\n<p>Al respecto, Idania Karina L\u00f3pez Reyes, directora de Desarrollo Sostenible, inform\u00f3 que dicha actividad se efectu\u00f3 en la explanada de Palacio Municipal, donde acudieron los solicitantes de una oportunidad de trabajo, la cual es la tercera de cinco jornadas, correspondientes a 2021.<\/p>\n<p>La funcionaria indic\u00f3, que en esta ocasi\u00f3n, seis empresas de distintos giros, ofertaron m\u00e1s de 60 vacantes, mientras que a trav\u00e9s del Cat\u00e1logo Municipal de Empleo, en el que est\u00e1n inscritas 40 compa\u00f1\u00edas, se ofrecieron 300 plazas.<\/p>\n<p>Dijo que la mayor\u00eda de solicitantes se encuentran en un rango de edad de 18 a 30 a\u00f1os, aunque tambi\u00e9n algunos que llegan hasta los 65 a\u00f1os, mismos que son tomados en cuenta por empresas incluyentes que se suman al programa.<\/p>\n<p>A\u00f1adi\u00f3 que en estas jornadas de empleo, pueden obtener un puesto, tanto personas que cuentan solamente con educaci\u00f3n b\u00e1sica, hasta profesionistas, por lo que las vacantes son muy variadas, como aquellas en las que se solicitan ayudantes generales, auxiliares administrativos, auxiliares de limpieza, as\u00ed como profesionales del ramo de la administraci\u00f3n de empresas, contabilidad, al igual que oficios como choferes y guardias de seguridad.<\/p>\n<p>En cuanto a los requisitos del programa para acceder a la b\u00fasqueda de una plaza laboral, se\u00f1al\u00f3 que se pide a los interesados llevar como \u00fanico documento oficial, su credencial expedida por el INE, solicitud de empleo elaborada y curr\u00edculum vitae.<\/p>\n<p>Aclar\u00f3, sin embargo, que si el aspirante a un puesto no trae a la mano sus documentos, se les facilita la solicitud de empleo para que puedan llenarla, un formato b\u00e1sico de curr\u00edculum y se les auxilia con la fotocopia de su INE.<\/p>\n<p>Precis\u00f3 finalmente, que tambi\u00e9n se apoya a los solicitantes con orientaci\u00f3n, en caso de que no sepan la manera de elaborar correctamente su curr\u00edculum y a\u00f1adi\u00f3 que el \u00e1rea a su cargo, coloca un aviso de privacidad, por lo que pueden tener la certeza de que sus datos personales se encuentran debidamente protegidos.<\/p>\n","protected":false},"excerpt":{"rendered":"<p>Con el objetivo de combatir la desocupaci\u00f3n y promover el acceso de los ciudadanos a un empleo digno, el gobierno del alcalde Armando Navarrete L\u00f3pez, llev\u00f3 a cabo la tercera edici\u00f3n, del programa \u201cJornadas de Empleo en Tu Comunidad\u201d, con la que se ofertaron casi 400 puestos laborales.<\/p>\n","protected":false},"author":3,"featured_media":526959,"comment_status":"open","ping_status":"open","sticky":false,"template":"","format":"standard","meta":{"_monsterinsights_skip_tracking":false,"_monsterinsights_sitenote_active":false,"_monsterinsights_sitenote_note":"","_monsterinsights_sitenote_category":0,"footnotes":""},"categories":[5],"tags":[94043,481,43675,752],"class_list":["post-526871","post","type-post","status-publish","format-standard","has-post-thumbnail","hentry","category-estado-de-mexico","tag-digno","tag-empleo","tag-estado-de-mexico","tag-nicolas-romero"],"_links":{"self":[{"href":"https:\/\/www.diarioimagen.net\/index.php?rest_route=\/wp\/v2\/posts\/526871","targetHints":{"allow":["GET"]}}],"collection":[{"href":"https:\/\/www.diarioimagen.net\/index.php?rest_route=\/wp\/v2\/posts"}],"about":[{"href":"https:\/\/www.diarioimagen.net\/index.php?rest_route=\/wp\/v2\/types\/post"}],"author":[{"embeddable":true,"href":"https:\/\/www.diarioimagen.net\/index.php?rest_route=\/wp\/v2\/users\/3"}],"replies":[{"embeddable":true,"href":"https:\/\/www.diarioimagen.net\/index.php?rest_route=%2Fwp%2Fv2%2Fcomments&post=526871"}],"version-history":[{"count":0,"href":"https:\/\/www.diarioimagen.net\/index.php?rest_route=\/wp\/v2\/posts\/526871\/revisions"}],"wp:featuredmedia":[{"embeddable":true,"href":"https:\/\/www.diarioimagen.net\/index.php?rest_route=\/wp\/v2\/media\/526959"}],"wp:attachment":[{"href":"https:\/\/www.diarioimagen.net\/index.php?rest_route=%2Fwp%2Fv2%2Fmedia&parent=526871"}],"wp:term":[{"taxonomy":"category","embeddable":true,"href":"https:\/\/www.diarioimagen.net\/index.php?rest_route=%2Fwp%2Fv2%2Fcategories&post=526871"},{"taxonomy":"post_tag","embeddable":true,"href":"https:\/\/www.diarioimagen.net\/index.php?rest_route=%2Fwp%2Fv2%2Ftags&post=526871"}],"curies":[{"name":"wp","href":"https:\/\/api.w.org\/{rel}","templated":true}]}}