{"id":527019,"date":"2021-11-12T00:15:19","date_gmt":"2021-11-12T06:15:19","guid":{"rendered":"https:\/\/www.diarioimagen.net\/?p=527019"},"modified":"2021-11-15T06:08:24","modified_gmt":"2021-11-15T12:08:24","slug":"los-otros-datos","status":"publish","type":"post","link":"https:\/\/www.diarioimagen.net\/?p=527019","title":{"rendered":"Los otros datos"},"content":{"rendered":"<h2>Por la Derecha..!<\/h2>\n<h5>Luis \u00c1ngel Garc\u00eda<\/h5>\n<p>&nbsp;<\/p>\n<p>S\u00ed existen los otros datos. El Inegi \u2014todav\u00eda aut\u00f3nomo e independiente\u2014 anunci\u00f3 que el \u00cdndice Nacional de Precios al Consumidor, par\u00e1metro de la inflaci\u00f3n, est\u00e1 en 6.24 por ciento a tasa anual y en octubre en su nivel m\u00e1s alto desde 2017. M\u00e9xico es un pa\u00eds predominantemente de estrato bajo, la poblaci\u00f3n de clase media se redujo en 6.3 millones de mexicanos. Nos sit\u00faan de las naciones m\u00e1s violentas del mundo y estamos en el top ten de los m\u00e1s corruptos. La terca realidad contradice el discurso oficial.<\/p>\n<p>Y mientras en Nueva York se utilizaba el foro de las Naciones Unidas, en contrasentido de la agenda marcada en el Consejo de Seguridad, para recolectar fondos de ayuda a los pobres del mundo y se reprochaba el actuar del organismo internacional por no surtir vacunas para los pa\u00edses menos desarrollados, los mexicanos enfrentan una de las peores crisis econ\u00f3mica y social m\u00e1s grande de su historia, al menos desde 1932. Tampoco se combate la corrupci\u00f3n aunque se pregone lo contrario en el exterior y se vea la paja en el ojo ajeno. Se le exige a la Casa Blanca que legalice a once millones de indocumentados mexicanos y que sus agencias migratorias no maltraten a los paisanos, cuando &#8211; como lo dijo Human Rights Watch-, el Presidente debiera seguir su propio consejo, luego de c\u00f3mo se ha tratado a la caravana de migrantes centroamericanos, haitianos y cubanos que anhelan pasar a Estados Unidos, donde se han excedido los oficiales del INM y la Guardia Nacional, am\u00e9n de los muertos a manos de la polic\u00eda o las fuerzas armadas.<\/p>\n<p>No se puede ser candil de la calle y oscuridad de la casa. S\u00f3lo el gobierno cree que fue bien recibido el mensaje de la coperacha forzosa por los pa\u00edses del orbe, cuando naciones como Rusia y China -dos de los cinco miembros permanentes del Consejo de Seguridad y de las econom\u00edas m\u00e1s grandes del mundo- descalificaron la intervenci\u00f3n por considerarla fuera de lugar e impropia para ser tratada en una reuni\u00f3n donde se ven asuntos beligerantes para que no escalen el \u00e1mbito local o regional y se conviertan en tema global.<\/p>\n<p>Dif\u00edcilmente las grandes potencias o econom\u00edas mundiales tomar\u00e1n en serio la propuesta de M\u00e9xico, sobre todo cuando conocen la realidad de nuestro pa\u00eds.<\/p>\n<p>M\u00e1s all\u00e1 del pa\u00f1uelito blanco que se agita cada vez que se quiere decir falazmente que se acab\u00f3 con la corrupci\u00f3n o que no son como los de antes, la situaci\u00f3n nacional no es como para presumir. Las mediciones internacionales colocan a nuestra naci\u00f3n entre las cinco m\u00e1s corruptas de La Tierra.<\/p>\n<p>Asimismo, el propio Inegi inform\u00f3 que la poblaci\u00f3n de la clase media pas\u00f3 de 53.5 millones en 2018 a 47.2 millones en 2020, es decir, 6.3 millones de mexicanos menos. El organismo que realiza las estad\u00edsticas serias dice que la clase baja se increment\u00f3 de 69.9 millones a 78.5 millones. Entre factores externos e internos, los pron\u00f3sticos inflacionarios se han quedado cortos ante una inflaci\u00f3n galopante que reduce las expectativas de crecimiento.<\/p>\n<p>Adem\u00e1s, otra investigaci\u00f3n internacional nos coloca como el pa\u00eds m\u00e1s violento del mundo, donde las agresiones han producido m\u00e1s de cien mil homicidios dolosos.<\/p>\n<p>En cuanto al manejo de la pandemia, nos acercamos al medio mill\u00f3n de muertes, lo que nos pone entre los cinco pa\u00edses que peor la han manejado; somos la segunda maci\u00f3n -despu\u00e9s de Estados Unidos-, con una sobretasa de fallecimientos, provocados por la falta de una pol\u00edtica p\u00fablica de salud para atacar el problema.<\/p>\n<p>Con ese panorama, con qu\u00e9 cara nos paramos en la ONU.<\/p>\n","protected":false},"excerpt":{"rendered":"<p><span style=\"color: #005497;\"><strong>Luis \u00c1ngel Garc\u00eda<\/strong><\/span><br \/>\n<br \/>\nS\u00ed existen los otros datos. El Inegi \u2014todav\u00eda aut\u00f3nomo e independiente\u2014 anunci\u00f3 que el \u00cdndice Nacional de Precios al Consumidor, par\u00e1metro de la inflaci\u00f3n, est\u00e1 en 6.24 por ciento a tasa anual y en octubre en su nivel m\u00e1s alto desde 2017.<\/p>\n","protected":false},"author":3,"featured_media":0,"comment_status":"open","ping_status":"open","sticky":false,"template":"","format":"standard","meta":{"_monsterinsights_skip_tracking":false,"_monsterinsights_sitenote_active":false,"_monsterinsights_sitenote_note":"","_monsterinsights_sitenote_category":0,"footnotes":""},"categories":[92115],"tags":[92117,43674,92116],"class_list":["post-527019","post","type-post","status-publish","format-standard","hentry","category-luis-angel-garcia","tag-luis-angel-garcia","tag-opinion","tag-por-la-derecha"],"_links":{"self":[{"href":"https:\/\/www.diarioimagen.net\/index.php?rest_route=\/wp\/v2\/posts\/527019","targetHints":{"allow":["GET"]}}],"collection":[{"href":"https:\/\/www.diarioimagen.net\/index.php?rest_route=\/wp\/v2\/posts"}],"about":[{"href":"https:\/\/www.diarioimagen.net\/index.php?rest_route=\/wp\/v2\/types\/post"}],"author":[{"embeddable":true,"href":"https:\/\/www.diarioimagen.net\/index.php?rest_route=\/wp\/v2\/users\/3"}],"replies":[{"embeddable":true,"href":"https:\/\/www.diarioimagen.net\/index.php?rest_route=%2Fwp%2Fv2%2Fcomments&post=527019"}],"version-history":[{"count":0,"href":"https:\/\/www.diarioimagen.net\/index.php?rest_route=\/wp\/v2\/posts\/527019\/revisions"}],"wp:attachment":[{"href":"https:\/\/www.diarioimagen.net\/index.php?rest_route=%2Fwp%2Fv2%2Fmedia&parent=527019"}],"wp:term":[{"taxonomy":"category","embeddable":true,"href":"https:\/\/www.diarioimagen.net\/index.php?rest_route=%2Fwp%2Fv2%2Fcategories&post=527019"},{"taxonomy":"post_tag","embeddable":true,"href":"https:\/\/www.diarioimagen.net\/index.php?rest_route=%2Fwp%2Fv2%2Ftags&post=527019"}],"curies":[{"name":"wp","href":"https:\/\/api.w.org\/{rel}","templated":true}]}}