{"id":527024,"date":"2021-11-12T00:01:11","date_gmt":"2021-11-12T06:01:11","guid":{"rendered":"https:\/\/www.diarioimagen.net\/?p=527024"},"modified":"2021-11-12T05:02:03","modified_gmt":"2021-11-12T11:02:03","slug":"el-codo-del-presidente","status":"publish","type":"post","link":"https:\/\/www.diarioimagen.net\/?p=527024","title":{"rendered":"El codo del Presidente"},"content":{"rendered":"<h2>De pe a pa<\/h2>\n<h5>Alberto Vieyra G.<\/h5>\n<p>&nbsp;<\/p>\n<p>\u00bfAMLO es el enemigo p\u00fablico n\u00famero uno de los ni\u00f1os en M\u00e9xico? \u00bfA qu\u00e9 se debe la falta de sensibilidad humana y pol\u00edtica del Presidente de la Rep\u00fablica al impugnar la resoluci\u00f3n de la jueza Claudia G\u00e1mez Galindo, secretaria en funciones de Juez S\u00e9ptimo de Distrito en el Estado de M\u00e9xico, que orden\u00f3 al gobierno federal vacunar contra el coronavirus a todos los ni\u00f1os de M\u00e9xico? \u00bfEstamos ante un Presidente de la Rep\u00fablica negrero y cuentachiles al que le duele el codo cuando la sociedad le exige medicamentos para los ni\u00f1os con c\u00e1ncer o vacunas contra el coronavirus? \u00bfM\u00e9xico tiene un Presidente que rinde culto a lo extralegal, es decir, que es enemigo de la Constituci\u00f3n y las leyes que de ella emanan y que jur\u00f3 cumplir y hacer cumplir? \u00bfQu\u00e9 clase de Presidente de la Rep\u00fablica tenemos los mexicanos?<\/p>\n<p>El art\u00edculo 4\u00b0 constitucional es muy claro, dice: \u201cToda persona tiene derecho a la protecci\u00f3n de la salud\u201d. As\u00ed de categ\u00f3rica es la Constituci\u00f3n que AMLO se niega a cumplir.<\/p>\n<p>El pasado 27 de octubre la juez, Claudia G\u00e1mez Galindo orden\u00f3, mediante una resoluci\u00f3n judicial, al Presidente de la Rep\u00fablica y a los responsables del sector salud, Jorge Alcocer y su <em>gaton<\/em>, el odiado Hugo L\u00f3pez-Gatell vacunar a la ni\u00f1ez, cuyo universo es de 38 y medio millones de chiquillos de 0 a 17 a\u00f1os, que significan 30.8% de la poblaci\u00f3n mexicana. Pero, y por \u00f3rdenes de AMLO, el autoproclamado r\u00e9gimen de la \u201cCuarta Transformaci\u00f3n\u201d impugn\u00f3 dicha resoluci\u00f3n de la juzgadora, un hecho que le mereci\u00f3 la reprobaci\u00f3n popular y de momento, la justicia no podr\u00e1 llevar a cabo el acato de dicha resoluci\u00f3n que podr\u00eda costarles la chamba, v\u00eda juicio pol\u00edtico o incluso de manera fulminante, como si se tratara de cualquier ciudadano.<\/p>\n<p>La cuesti\u00f3n es que AMLO se ha revelado como enemigo de las mujeres, de los empresarios, de los periodistas, de los medios de comunicaci\u00f3n, de los abogados de M\u00e9xico, de los intelectuales, de los jueces, magistrados y ministros y ahora enemigo de los ni\u00f1os, a los que comenzar\u00eda por quitarles las guarder\u00edas y los medicamentos para el c\u00e1ncer y en fin, que el Presidente se ha peleado con todo el mundo y los simples mortales nos preguntamos: \u00bfPues de d\u00f3nde le viene tanta popularidad que sus bi\u00f3grafos de cabecera y publicistas a sueldo, dicen que tiene el Presidente? \u00bfO ser\u00e1n los \u201cotros datos\u201d del Presidente que arrojan las encuestas mandadas ordenadas y pagadas por la Presidencia de M\u00e9xico?<\/p>\n<p>Todo indica que AMLO y sus muchachitos de la salud perder\u00e1n ese episodio ante la justicia mexicana y los m\u00e1s seguro es que terminar\u00e1 por vacunar a 38 y medio millones de chiquillos o como m\u00ednimo a 18 y medio millones de muchachos que tiene entre 9 y 17 a\u00f1os y tendr\u00e1 que hacerlo porque Estados Unidos lo obligar\u00e1 a ello, pues la orden que hay en los <em>yunaites<\/em> es que despu\u00e9s de que en la naci\u00f3n vecina del norte se vacune a 28 millones de ni\u00f1os, todo infante que ingrese a EU deber\u00e1 estar vacunado o simplemente no podr\u00e1 entrar al territorio del \u201ct\u00edo Sam\u201d.<\/p>\n<p>As\u00ed que AMLO tendr\u00e1 que aflojar el codo y dejar a un lado su tan cacareada austeridad republicana, que no hay tal, pues el <em>zar contra la corrupci\u00f3n<\/em>, Santiago Nieto que se fue a casar en secreto a la antigua, Guatemala se fue fulminantemente al desempleo por exhibir a la \u201ccuarta transformaci\u00f3n\u201d como la misma podredumbre pol\u00edtica de opulentos sexenios anteriores que exhib\u00edan a M\u00e9xico como gobiernos ricos y pueblo pobre.<\/p>\n<p><a href=\"mailto:info@agenciamn.com\" target=\"_blank\" rel=\"noopener noreferrer\"><em>info@agenciamn.com<\/em><\/a><\/p>\n","protected":false},"excerpt":{"rendered":"<p><span style=\"color: #005497;\"><strong>Alberto Vieyra G.<\/strong><\/span><\/p>\n","protected":false},"author":3,"featured_media":0,"comment_status":"open","ping_status":"open","sticky":false,"template":"","format":"standard","meta":{"_monsterinsights_skip_tracking":false,"_monsterinsights_sitenote_active":false,"_monsterinsights_sitenote_note":"","_monsterinsights_sitenote_category":0,"footnotes":""},"categories":[4596],"tags":[43697,4597,43674],"class_list":["post-527024","post","type-post","status-publish","format-standard","hentry","category-alberto-vieyra-g","tag-alberto-vieyra-g","tag-de-pe-a-pa","tag-opinion"],"_links":{"self":[{"href":"https:\/\/www.diarioimagen.net\/index.php?rest_route=\/wp\/v2\/posts\/527024","targetHints":{"allow":["GET"]}}],"collection":[{"href":"https:\/\/www.diarioimagen.net\/index.php?rest_route=\/wp\/v2\/posts"}],"about":[{"href":"https:\/\/www.diarioimagen.net\/index.php?rest_route=\/wp\/v2\/types\/post"}],"author":[{"embeddable":true,"href":"https:\/\/www.diarioimagen.net\/index.php?rest_route=\/wp\/v2\/users\/3"}],"replies":[{"embeddable":true,"href":"https:\/\/www.diarioimagen.net\/index.php?rest_route=%2Fwp%2Fv2%2Fcomments&post=527024"}],"version-history":[{"count":0,"href":"https:\/\/www.diarioimagen.net\/index.php?rest_route=\/wp\/v2\/posts\/527024\/revisions"}],"wp:attachment":[{"href":"https:\/\/www.diarioimagen.net\/index.php?rest_route=%2Fwp%2Fv2%2Fmedia&parent=527024"}],"wp:term":[{"taxonomy":"category","embeddable":true,"href":"https:\/\/www.diarioimagen.net\/index.php?rest_route=%2Fwp%2Fv2%2Fcategories&post=527024"},{"taxonomy":"post_tag","embeddable":true,"href":"https:\/\/www.diarioimagen.net\/index.php?rest_route=%2Fwp%2Fv2%2Ftags&post=527024"}],"curies":[{"name":"wp","href":"https:\/\/api.w.org\/{rel}","templated":true}]}}