{"id":527031,"date":"2021-11-12T00:08:29","date_gmt":"2021-11-12T06:08:29","guid":{"rendered":"https:\/\/www.diarioimagen.net\/?p=527031"},"modified":"2021-11-12T05:09:36","modified_gmt":"2021-11-12T11:09:36","slug":"dinero-y-politica","status":"publish","type":"post","link":"https:\/\/www.diarioimagen.net\/?p=527031","title":{"rendered":"Dinero y pol\u00edtica"},"content":{"rendered":"<h2>Punto por punto<\/h2>\n<h5>Augusto Corro<\/h5>\n<p>&nbsp;<\/p>\n<p>Cada a\u00f1o, en la C\u00e1mara de Diputados se lleva a cabo una lucha compleja debido al Presupuesto de Egresos de la Federaci\u00f3n (PEF).<\/p>\n<p>Son miles de millones de pesos los que se destinan para mantener la democracia mexicana, una de las m\u00e1s caras del mundo.<\/p>\n<p>El presupuesto para 2022 no iba a ser la excepci\u00f3n. Se destinaron millones de pesos para el funcionamiento del Instituto Nacional Electoral (INE), que a su vez repartir\u00e1 una parte a los diferentes partidos pol\u00edticos.<\/p>\n<p>El pr\u00f3ximo a\u00f1o, el citado instituto coordinar\u00e1 las elecciones en seis estados y se encargar\u00e1 adem\u00e1s de la encuesta sobre la Revocaci\u00f3n del Mandato.<\/p>\n<p>Desde luego, esas actividades pol\u00edticas tienen un costo que se incrementa con el subsidio a las organizaciones pol\u00edticas.<\/p>\n<p>Las instituciones pol\u00edticas reciben el dinero para mantener la vida de sus partidos. Esta acci\u00f3n siempre fue criticada por aquellos que se inclinan porque sean los propios partidos los que se encarguen de conseguir los recursos econ\u00f3micos necesarios para su subsistencia.<\/p>\n<p>Por otra parte, se anunci\u00f3 que el pr\u00f3ximo a\u00f1o se analizar\u00e1 una reforma a las leyes electorales. Ojal\u00e1 y se analice profundamente la idea de restringir los recursos econ\u00f3micos a esa \u00e9lite de funcionarios que controlan actualmente al INE.<\/p>\n<p>Adem\u00e1s, que se busque cancelar esos subsidios generosos a los partidos pol\u00edticos que solo estiran la mano para recibir cuantiosas cantidades de dinero.<\/p>\n<p>Hoy se definir\u00e1 la cantidad exacta de dinero que recibir\u00e1 el INE, que no ser\u00e1 cualquier cosa.<\/p>\n<p>Cabe se\u00f1alar que para 2021, el presupuesto para los partidos pol\u00edticos fue de alrededor de 7 mil millones de pesos.<\/p>\n<p style=\"text-align: center;\"><strong>Elecciones en el sindicato petrolero<\/strong><\/p>\n<p>El pr\u00f3ximo mes de enero se efectuar\u00e1n elecciones en el sindicato petrolero que padece la influencia de Carlos Romero Deschamps, el tradicional cacique que sobrevivi\u00f3 al paso de diferentes gobiernos.<\/p>\n<p>Los propios panistas prefirieron entenderse con el secretario general petrolero que elegir a un nuevo l\u00edder. En la presente administraci\u00f3n de L\u00f3pez Obrador, parece que hay resistencia, o por lo menos incertidumbre, por el futuro de esa organizaci\u00f3n sindical.<\/p>\n<p>Con nuevas reglas los trabajadores petroleros podr\u00e1n elegir sin presiones a sus dirigentes, algo que no ocurri\u00f3 en d\u00e9cadas. El due\u00f1o de ese sindicato, por lo menos as\u00ed lo presum\u00eda Romero Deschamps, se convirti\u00f3 en un hombre muy rico.<\/p>\n<p>El ex l\u00edder fue acusado de cometer delitos relacionados con la delincuencia organizada, desv\u00edo de recursos, huachicoleo, nepotismo y corrupci\u00f3n. Sus familiares presumen sus viajes por todo el mundo, as\u00ed como coches de lujo.<\/p>\n<p>Veremos, pues, en que termina la elecci\u00f3n de la nueva dirigencia del sindicato petrolero que se efectuar\u00e1 de acuerdo a la reforma laboral de mayo de 2019, con el voto \u201cpersonal, libre, directo y secreto\u201d.<\/p>\n<p>Adem\u00e1s, se utilizar\u00e1 un m\u00e9todo de votaci\u00f3n electr\u00f3nica, \u201cuna garant\u00eda para evitar abusos\u201d.<\/p>\n<p>El sindicato petrolero siempre estuvo controlado por caciques que se distinguieron por tener sometidos a los trabajadores. Ser\u00e1 interesante conocer los resultados de esta nueva elecci\u00f3n.<\/p>\n<p>Principalmente para medir el poder de Romero Deschamps que es posible que cuente con incondicionales, cuyo mayor anhelo, es seguir como due\u00f1os del Sindicato Petrolero. \u00bfLleg\u00f3 la democracia sindical?<\/p>\n<p>\u00bfUsted qu\u00e9 opina amable lector?<\/p>\n<p style=\"text-align: center;\"><strong>Desabasto de medicamentos<\/strong><\/p>\n<p>La insensibilidad pol\u00edtica echa a perder grandes proyectos. \u00bfDe qu\u00e9 sirve ilusionarse con grandes metas, si los problemas b\u00e1sicos no se resuelven?<\/p>\n<p>La escasez de medicinas es un asunto que pesa sobre los gobiernos municipal, estatal y federal.<\/p>\n<p>La atenci\u00f3n a la salud p\u00fablica nunca fue el fuerte de las administraciones priistas o panistas.\u00a0 Por supuesto que ese problema podr\u00eda estar m\u00e1s grave, pero como se ve seguir\u00e1 como amenaza sobre sobre la ciudadan\u00eda.<\/p>\n<p>Claro que faltan medicamentos y hospitales. Con la invasi\u00f3n del nuevo coronavirus se evidenci\u00f3 el desabasto de medicinas y hospitales.<\/p>\n<p>El gobierno actual, muy a su estilo, culp\u00f3 de ese problema a los gobiernos corruptos que le precedieron en el cargo. Se trat\u00f3 de una excusa pueril, que a nadie convenci\u00f3.<\/p>\n<p>Quiz\u00e1 al inicio del sexenio era v\u00e1lida esa queja; pero ya son tres a\u00f1os, en los que se necesita una respuesta real, efectiva, en\u00e9rgica, al desabasto de medicinas, como sucede con los medicamentos contra el c\u00e1ncer que ataca a los ni\u00f1os.<\/p>\n<p>La crisis del desabasto de medicamentos lleg\u00f3 hasta una reuni\u00f3n del gabinete del presidente L\u00f3pez Obrador, quien emplaz\u00f3 a los titulares de Salud, Jorge Alcocer, y del Insabi, Juan Ferrer, a que sin excusa ni pretexto, garanticen el abasto de todos los medicamentos en todo el pa\u00eds.<\/p>\n<p>\u201cYa no quiero escuchar de que faltan medicamentos y no quiero excusas de ning\u00fan tipo, no podemos dormir tranquilos si no hay medicamentos para atender enfermos\u201d, reclam\u00f3 L\u00f3pez Obrador.<\/p>\n<p><a href=\"mailto:aco2742@hotmail.com\" target=\"_blank\" rel=\"noopener noreferrer\"><em>aco2742@hotmail.com<\/em><\/a><\/p>\n","protected":false},"excerpt":{"rendered":"<p><span style=\"color: #005497;\"><strong>Augusto Corro<\/strong><\/span><\/p>\n","protected":false},"author":3,"featured_media":0,"comment_status":"open","ping_status":"open","sticky":false,"template":"","format":"standard","meta":{"_monsterinsights_skip_tracking":false,"_monsterinsights_sitenote_active":false,"_monsterinsights_sitenote_note":"","_monsterinsights_sitenote_category":0,"footnotes":""},"categories":[157],"tags":[43686,75367,43674,11515],"class_list":["post-527031","post","type-post","status-publish","format-standard","hentry","category-augusto-corro","tag-augusto-corro","tag-k","tag-opinion","tag-punto-por-punto"],"_links":{"self":[{"href":"https:\/\/www.diarioimagen.net\/index.php?rest_route=\/wp\/v2\/posts\/527031","targetHints":{"allow":["GET"]}}],"collection":[{"href":"https:\/\/www.diarioimagen.net\/index.php?rest_route=\/wp\/v2\/posts"}],"about":[{"href":"https:\/\/www.diarioimagen.net\/index.php?rest_route=\/wp\/v2\/types\/post"}],"author":[{"embeddable":true,"href":"https:\/\/www.diarioimagen.net\/index.php?rest_route=\/wp\/v2\/users\/3"}],"replies":[{"embeddable":true,"href":"https:\/\/www.diarioimagen.net\/index.php?rest_route=%2Fwp%2Fv2%2Fcomments&post=527031"}],"version-history":[{"count":0,"href":"https:\/\/www.diarioimagen.net\/index.php?rest_route=\/wp\/v2\/posts\/527031\/revisions"}],"wp:attachment":[{"href":"https:\/\/www.diarioimagen.net\/index.php?rest_route=%2Fwp%2Fv2%2Fmedia&parent=527031"}],"wp:term":[{"taxonomy":"category","embeddable":true,"href":"https:\/\/www.diarioimagen.net\/index.php?rest_route=%2Fwp%2Fv2%2Fcategories&post=527031"},{"taxonomy":"post_tag","embeddable":true,"href":"https:\/\/www.diarioimagen.net\/index.php?rest_route=%2Fwp%2Fv2%2Ftags&post=527031"}],"curies":[{"name":"wp","href":"https:\/\/api.w.org\/{rel}","templated":true}]}}