{"id":527034,"date":"2021-11-12T00:03:52","date_gmt":"2021-11-12T06:03:52","guid":{"rendered":"https:\/\/www.diarioimagen.net\/?p=527034"},"modified":"2021-11-12T05:11:45","modified_gmt":"2021-11-12T11:11:45","slug":"adios-escasez-de-medicamentos-veremos","status":"publish","type":"post","link":"https:\/\/www.diarioimagen.net\/?p=527034","title":{"rendered":"\u00bfAdi\u00f3s escasez de medicamentos?, veremos"},"content":{"rendered":"<h2>Espacio Electoral<\/h2>\n<h5>Eleazar Flores<\/h5>\n<p><strong>\u00a0<\/strong><\/p>\n<p><strong>\u00bfAHORA S\u00cd?-.<\/strong> Con la certeza de que \u201csiempre hay una primera vez\u201d y a dos a\u00f1os once meses y doce d\u00edas del gobierno de la Cuarta Transformaci\u00f3n, el presidente Andr\u00e9s Manuel L\u00f3pez Obrador\u00a0 prometi\u00f3 en Colima y repiti\u00f3 en inesperada reuni\u00f3n de gabinete: \u201cNo m\u00e1s escasez de medicamentos de ninguna \u00edndole\u201d y adem\u00e1s, gratuitos.<\/p>\n<p>Incluso, a la instrucci\u00f3n le puso nombres y apellidos: \u201cEsto va para Jorge Alcocer y Juan Ferrer\u201d, o sea su secretario de Salud y su director del Instituto de Salud para el Bienestar, Insabi, respectivamente.<\/p>\n<p>Cuando dio la instrucci\u00f3n, al mandatario se le apreci\u00f3 adusto, serio, igual que su secretario de Gobernaci\u00f3n, Ad\u00e1n Augusto L\u00f3pez Hern\u00e1ndez -gesto normal en \u00e9l-, reiterando: \u201cNo quiero excusas de que hay desabasto\u201d (sic), a la izquierda de la reuni\u00f3n y seguramente a quien se debe el nuevo estilo de gobernar de su paisano tabasque\u00f1o. Las sonrisas ser\u00e1n para las ma\u00f1aneras.<\/p>\n<p><strong>CONTRA EL C\u00c1NCER INFANTIL-.<\/strong> Crey\u00e9ndole a pie juntillas al Presidente, dejar\u00e1n de verse las totalmente justificadas manifestaciones y bloqueos en vialidades neur\u00e1lgicas de la Ciudad de M\u00e9xico, por parte de los sufridos-as padres y madres de familia que en el \u00faltimo semestre han venido realizando e implorando medicinas para tratamientos oncol\u00f3gicos de sus hijos-as.<\/p>\n<p>Esos padres y madres manifestantes hab\u00edan venido recibiendo falsas promesas de que los medicamentos para esos tratamientos ya se hab\u00edan adquirido y pronto estar\u00edan en cl\u00ednicas y hospitales de todo el pa\u00eds, pero no result\u00f3 cierto.<\/p>\n<p>Peregrino pronunciamiento del subsecretario de Salud, Hugo L\u00f3pez-Gatell \u2014por cierto ausente en la reuni\u00f3n de gabinete de este mi\u00e9rcoles\u2014, cuando seg\u00fan su \u00f3ptica, hab\u00eda una orquestaci\u00f3n internacional con fines desestabilizadores contra el gobierno de la Cuarta Transformaci\u00f3n que promov\u00eda protestas y manifestaciones pidiendo medicinas para tratamientos oncol\u00f3gicos, lo que por supuesto nadie le crey\u00f3.<\/p>\n<p>Al padre de la Cuarta Transformaci\u00f3n se le han escuchado durante su largu\u00edsimo gobierno de apenas dos a\u00f1os once meses y doce d\u00edas, un sinn\u00famero de promesas, tanto en sermones de su p\u00falpito ma\u00f1anero como en giras al interior del pa\u00eds, -preferentemente finsemaneras no obstante que a \u00faltimas fechas ya hasta entre semana las hace-, as\u00ed que si ahora falla ser\u00eda una rayita m\u00e1s al jaguar tabasque\u00f1o.<\/p>\n<p>Disminuir violencia ha sido algo incumplido.<\/p>\n<p>Parece ser que ahora s\u00ed la advertencia va en serio, que as\u00ed sea, sobre todo para la poblaci\u00f3n que desgraciadamente cae en alguna enfermedad y de rebote para quienes administran recursos y pol\u00edtica de la Cuarta Transformaci\u00f3n, as\u00ed su inter\u00e9s tenga como derivado el \u00e1ngulo electoral, con miras al inminente 2022.<\/p>\n<p>Ganar seis gubernaturas igual n\u00famero de municipios-capital m\u00e1s una treintena de alcald\u00edas de igual importancia pol\u00edtica, no es cosa menor.<\/p>\n<p><em><a href=\"mailto:elefa44@gmail.com\" target=\"_blank\" rel=\"noopener noreferrer\">elefa44@gmail.com<\/a><\/em><\/p>\n","protected":false},"excerpt":{"rendered":"<p><span style=\"color: #005497;\"><strong>Eleazar Flores<\/strong><\/span><\/p>\n","protected":false},"author":3,"featured_media":0,"comment_status":"open","ping_status":"open","sticky":false,"template":"","format":"standard","meta":{"_monsterinsights_skip_tracking":false,"_monsterinsights_sitenote_active":false,"_monsterinsights_sitenote_note":"","_monsterinsights_sitenote_category":0,"footnotes":""},"categories":[81743],"tags":[81744,81776,43674],"class_list":["post-527034","post","type-post","status-publish","format-standard","hentry","category-eleazar-flores","tag-eleazar-flores","tag-espacio-electoral","tag-opinion"],"_links":{"self":[{"href":"https:\/\/www.diarioimagen.net\/index.php?rest_route=\/wp\/v2\/posts\/527034","targetHints":{"allow":["GET"]}}],"collection":[{"href":"https:\/\/www.diarioimagen.net\/index.php?rest_route=\/wp\/v2\/posts"}],"about":[{"href":"https:\/\/www.diarioimagen.net\/index.php?rest_route=\/wp\/v2\/types\/post"}],"author":[{"embeddable":true,"href":"https:\/\/www.diarioimagen.net\/index.php?rest_route=\/wp\/v2\/users\/3"}],"replies":[{"embeddable":true,"href":"https:\/\/www.diarioimagen.net\/index.php?rest_route=%2Fwp%2Fv2%2Fcomments&post=527034"}],"version-history":[{"count":0,"href":"https:\/\/www.diarioimagen.net\/index.php?rest_route=\/wp\/v2\/posts\/527034\/revisions"}],"wp:attachment":[{"href":"https:\/\/www.diarioimagen.net\/index.php?rest_route=%2Fwp%2Fv2%2Fmedia&parent=527034"}],"wp:term":[{"taxonomy":"category","embeddable":true,"href":"https:\/\/www.diarioimagen.net\/index.php?rest_route=%2Fwp%2Fv2%2Fcategories&post=527034"},{"taxonomy":"post_tag","embeddable":true,"href":"https:\/\/www.diarioimagen.net\/index.php?rest_route=%2Fwp%2Fv2%2Ftags&post=527034"}],"curies":[{"name":"wp","href":"https:\/\/api.w.org\/{rel}","templated":true}]}}