{"id":527037,"date":"2021-11-12T00:11:39","date_gmt":"2021-11-12T06:11:39","guid":{"rendered":"https:\/\/www.diarioimagen.net\/?p=527037"},"modified":"2021-11-15T06:02:22","modified_gmt":"2021-11-15T12:02:22","slug":"amlo-le-escribe-a-santa-claus","status":"publish","type":"post","link":"https:\/\/www.diarioimagen.net\/?p=527037","title":{"rendered":"AMLO le escribe a Santa Claus"},"content":{"rendered":"<h2>\u00cdndice pol\u00edtico<\/h2>\n<h5>Francisco Rodr\u00edguez<\/h5>\n<p>&nbsp;<\/p>\n<ul>\n<li><strong><em>Foro equivocado en la ONU<\/em><\/strong><\/li>\n<li><strong><em>Ebrard y De la Fuente, irresponsables<\/em><\/strong><\/li>\n<\/ul>\n<p>&nbsp;<\/p>\n<p>\u201cQuerido Santa, perm\u00edteme <strong>hablarte de t\u00fa<\/strong>.<\/p>\n<p>\u201cBueno, tambi\u00e9n voy a <strong>hablarte de m\u00ed<\/strong>.<\/p>\n<p>\u201cPorque quiero decirte que este a\u00f1o <strong>me port\u00e9 muy bien<\/strong>.<\/p>\n<p>\u201cObligu\u00e9 a los fif\u00eds a <strong>pagar los impuestos<\/strong> que le deb\u00edan al SAT&#8230;<\/p>\n<p>\u201c&#8230;<strong>obedec\u00ed<\/strong> a los <em>gringos<\/em> y no permit\u00ed el avance de migrantes&#8230;<\/p>\n<p>\u201c&#8230;evidenci\u00e9 a los partidos pol\u00edticos del <strong>neoliberalismo<\/strong>&#8230;<\/p>\n<p>\u201c&#8230;y <strong>demonic\u00e9, casi exorcic\u00e9<\/strong> a su patrocinador Claudio X, Y griega y Zeta&#8230;<\/p>\n<p>\u201c&#8230;tambi\u00e9n, cada semana, he dicho <strong>la verdad y nada m\u00e1s que la verdad<\/strong>&#8230;<\/p>\n<p>\u201c&#8230;sobre las <strong>mentiras de la prensa<\/strong> conservadora y de los <strong>periodistas <em>chayoteros<\/em><\/strong>&#8230;<\/p>\n<p>\u201c&#8230;en fin, mi regordete amigo, modestamente <strong>he conseguido<\/strong> lo que nadie hab\u00eda podido: <strong>imponer al bien sobre el mal<\/strong>.<\/p>\n<p>\u201cPero ya no hablar\u00e9 m\u00e1s de m\u00ed, porque luego me acusan de <strong>eg\u00f3latra<\/strong>.<\/p>\n<p>\u201cLo que quiero decirte es que, porque <strong>me he portado requetebi\u00e9n<\/strong>, quiero pedirte que me ayudes a concretar mi propuesta de Plan Mundial de Fraternidad y Bienestar que <strong>con toda modestia<\/strong> acabo de presentarle a la desvencijada Organizaci\u00f3n de Naciones Unidas&#8230;<\/p>\n<p>\u201cpara garantizar el derecho de una vida digna a 750 millones de personas que sobreviven con menos de dos d\u00f3lares diarios&#8230;<\/p>\n<p>\u201c&#8230;tambi\u00e9n que me ayudes a <strong>despertar de su letargo<\/strong> a esa ONU que ya casi no sirve para nada&#8230;<\/p>\n<p>\u201c&#8230;ya vistes (sic) <strong>el gran fracaso de la distribuci\u00f3n de vacunas<\/strong> contra Covid a pa\u00edses pobres por el sistema Covax&#8230;<\/p>\n<p>\u201c&#8230;y en M\u00e9xico <strong>no nos ha servido la UNOPS<\/strong> para comprar con oportunidad medicamentos m\u00e1s baratos y <strong>hasta hay sospechas de corrupci\u00f3n<\/strong>&#8230;<\/p>\n<p>\u201c&#8230;y bueno, \u00a1pa\u2019qu\u00e9 le sigo!<\/p>\n<p>\u201cQuerido Santa&#8230;<\/p>\n<p>\u201c&#8230;que pa\u2019l pr\u00f3ximo a\u00f1o&#8230;<\/p>\n<p>\u201c&#8230;<strong>las personas m\u00e1s ricas del mundo mundial<\/strong> me entreguen el 4% de sus ingresos&#8230;<\/p>\n<p>\u201c&#8230;tambi\u00e9n 4% de los ingresos de <strong>las mil corporaciones m\u00e1s grandes<\/strong> del planeta&#8230;<\/p>\n<p>\u201c&#8230;y el 0.2% del PIB de <strong>cada pa\u00eds miembro del Grupo de los 20<\/strong>.<\/p>\n<p>\u201cNo es mucho pedir&#8230;<\/p>\n<p>&#8230;\u00bfo crees que s\u00ed, mi estimado barrig\u00f3n?<\/p>\n<p>\u201cAtentamente,<\/p>\n<p>\u201c<strong>Andr\u00e9s Manuel L\u00f3pez Obrador<\/strong>\u201d<\/p>\n<p style=\"text-align: center;\"><strong>Indicios<\/strong><\/p>\n<p>No s\u00f3lo fue <strong>Rusia<\/strong>, tambi\u00e9n <strong>China<\/strong>. El representante de <strong>Vladimir Putin<\/strong> le dijo que estaba en el foro equivocado y el segundo, en nombre de <strong>Xi Jingpin<\/strong>, que no invadiera las soberan\u00edas de otros pa\u00edses. Son dos puntos nodales que muestran el <strong>profundo desconocimiento de AMLO<\/strong> acerca del funcionamiento de la ONU a la que fue a <strong>insultar en su propia casa<\/strong>, como una suegra indeseable y los fines de la Organizaci\u00f3n. Ambos <strong>representantes permanentes<\/strong> de esas dos potencias llevaban <strong>escritas<\/strong> sus respuestas al Presidente de M\u00e9xico, lo que indica que <strong>conoc\u00edan el discurso con antelaci\u00f3n<\/strong>. Quienes tambi\u00e9n debieron saber su contenido fueron el titular de la SRE, <strong>Marcelo Ebrard,<\/strong> y <strong>Juan Ram\u00f3n de la Fuente<\/strong>, representante de AMLO ante Naciones Unidas. Y, una de dos, no le advirtieron del error que estaba a punto de cometer porque <strong>sab\u00edan que no les har\u00eda caso<\/strong> alguno&#8230; o, porque <strong>dejaron que metiera la pata<\/strong> desde el momento mismo en el que se adelant\u00f3 a leer el orden del d\u00eda antes de que hablara el secretario general <strong>Ant\u00f3nio Guterres<\/strong>. * * * Ambos <strong><em>fruncionarios<\/em><\/strong>, el de los <strong>pernos<\/strong> sin colocar y el eterno <strong>aspirante a todos los cargos habidos y por haber <\/strong>\u00a1hasta que \u201cse le hizo\u201d el de la ONU!, fueron pr\u00f3digos en el <strong>pago de acarreados<\/strong> al aeropuerto JFK, lo mismo que a las calles vecinas a la sede del organismo multilateral. <strong>Cien d\u00f3lares<\/strong> por piocha, lo que no est\u00e1 mal si se toma en cuenta que <strong>a los <em>chairos<\/em> que Morena lleva al Z\u00f3calo<\/strong> de CDMX s\u00f3lo les dan una torta, un boing y 200 pesos, si bien les va. * * * Y hoy no est\u00e1 de m\u00e1s recordar una frase de <strong>Max Weber<\/strong>: \u201c&#8230; el pol\u00edtico tiene que vencer cada d\u00eda y cada hora a un enemigo muy trivial y demasiado humano, <strong>la muy com\u00fan vanidad<\/strong>, enemiga mortal de toda entrega a una causa y de toda mesura, en este caso de la mesura frente a s\u00ed mismo.\u201d Porque, hay que decirlo claro: el mundo, para sobrevivir, ni siquiera sabe <strong>qu\u00e9 demonios es eso de \u201csembrando vida\u201d,<\/strong> ni los programas electoreros que se aplican en nuestro pa\u00eds van a salvar a la humanidad, como <strong>el \u201ccaudillo\u201d dio a entender<\/strong> hace un par de d\u00edas en Nueva York. * * * Y por hoy es todo. \u00a1Feliz fin de semana! Y tenga muy presente que el escribidor siempre le desea que tenga usted \u00a1buenas gracias y muchos, muchos d\u00edas!<\/p>\n<p><em><u><a href=\"http:\/\/www.indicepolitico.com\" target=\"_blank\" rel=\"noopener noreferrer\">www.indicepolitico.com<\/a><\/u><u><br \/>\n<\/u><a href=\"mailto:indicepolitico@gmail.com\" target=\"_blank\" rel=\"noopener noreferrer\">indicepolitico@gmail.com<\/a><\/em><br \/>\n<em><a href=\"https:\/\/twitter.com\/indicepolitico?lang=es\" target=\"_blank\" rel=\"noopener noreferrer\">@IndicePolitico<\/a><\/em><br \/>\n<em><u><a href=\"https:\/\/twitter.com\/pacorodriguez\" target=\"_blank\" rel=\"noopener noreferrer\">@pacorodriguez<\/a><\/u><\/em><\/p>\n","protected":false},"excerpt":{"rendered":"<p><span style=\"color: #005497;\"><strong>Francisco Rodr\u00edguez<\/strong><\/span><br \/>\n<br \/>\nQuerido Santa, perm\u00edteme <strong>hablarte de t\u00fa<\/strong>.   \u201cBueno, tambi\u00e9n voy a hablarte de m\u00ed.<\/p>\n","protected":false},"author":3,"featured_media":0,"comment_status":"open","ping_status":"open","sticky":false,"template":"","format":"standard","meta":{"_monsterinsights_skip_tracking":false,"_monsterinsights_sitenote_active":false,"_monsterinsights_sitenote_note":"","_monsterinsights_sitenote_category":0,"footnotes":""},"categories":[549],"tags":[43689,550,43674],"class_list":["post-527037","post","type-post","status-publish","format-standard","hentry","category-francisco-rodriguez","tag-francisco-rodriguez","tag-indice-politico","tag-opinion"],"_links":{"self":[{"href":"https:\/\/www.diarioimagen.net\/index.php?rest_route=\/wp\/v2\/posts\/527037","targetHints":{"allow":["GET"]}}],"collection":[{"href":"https:\/\/www.diarioimagen.net\/index.php?rest_route=\/wp\/v2\/posts"}],"about":[{"href":"https:\/\/www.diarioimagen.net\/index.php?rest_route=\/wp\/v2\/types\/post"}],"author":[{"embeddable":true,"href":"https:\/\/www.diarioimagen.net\/index.php?rest_route=\/wp\/v2\/users\/3"}],"replies":[{"embeddable":true,"href":"https:\/\/www.diarioimagen.net\/index.php?rest_route=%2Fwp%2Fv2%2Fcomments&post=527037"}],"version-history":[{"count":0,"href":"https:\/\/www.diarioimagen.net\/index.php?rest_route=\/wp\/v2\/posts\/527037\/revisions"}],"wp:attachment":[{"href":"https:\/\/www.diarioimagen.net\/index.php?rest_route=%2Fwp%2Fv2%2Fmedia&parent=527037"}],"wp:term":[{"taxonomy":"category","embeddable":true,"href":"https:\/\/www.diarioimagen.net\/index.php?rest_route=%2Fwp%2Fv2%2Fcategories&post=527037"},{"taxonomy":"post_tag","embeddable":true,"href":"https:\/\/www.diarioimagen.net\/index.php?rest_route=%2Fwp%2Fv2%2Ftags&post=527037"}],"curies":[{"name":"wp","href":"https:\/\/api.w.org\/{rel}","templated":true}]}}