{"id":527131,"date":"2021-11-15T00:01:18","date_gmt":"2021-11-15T06:01:18","guid":{"rendered":"https:\/\/www.diarioimagen.net\/?p=527131"},"modified":"2022-01-19T03:06:47","modified_gmt":"2022-01-19T09:06:47","slug":"aprueban-diputados-presupuesto-de-egresos-por-7-08-billones-de-pesos","status":"publish","type":"post","link":"https:\/\/www.diarioimagen.net\/?p=527131","title":{"rendered":"Aprueban diputados Presupuesto de Egresos por 7.08 billones de pesos"},"content":{"rendered":"<p>&nbsp;<\/p>\n<ul>\n<li><em><b>Despu\u00e9s de sesi\u00f3n marat\u00f3nica de cuatro d\u00edas<span class=\"Apple-converted-space\">\u00a0<\/span><\/b><\/em><\/li>\n<\/ul>\n<p>&nbsp;<\/p>\n<div id=\"attachment_527132\" style=\"width: 470px\" class=\"wp-caption aligncenter\"><a href=\"https:\/\/www.diarioimagen.net\/?attachment_id=527132\" rel=\"attachment wp-att-527132\"><img loading=\"lazy\" decoding=\"async\" aria-describedby=\"caption-attachment-527132\" class=\"size-full wp-image-527132\" src=\"https:\/\/www.diarioimagen.net\/wp-content\/uploads\/2021\/11\/presupuesto.jpg\" alt=\"\" width=\"460\" height=\"270\" \/><\/a><p id=\"caption-attachment-527132\" class=\"wp-caption-text\">El pleno de la C\u00e1mara de Diputados aprob\u00f3 este domingo el Presupuesto de Egresos de la Federaci\u00f3n para 2022, en donde se aval\u00f3 un gasto total de 7.08 billones de pesos.<\/p><\/div>\n<p>&nbsp;<\/p>\n<p>En la madrugada de este domingo, luego de una marat\u00f3nica sesi\u00f3n, que empez\u00f3 desde el mi\u00e9rcoles pasado y de rechazar todas las propuestas de modificaci\u00f3n; las bancadas de Morena, Verde y PT aprobaron el Presupuesto de Egresos de la Federaci\u00f3n de 2022, sin modificarle una coma y fue enviado al Poder Ejecutivo para su publicaci\u00f3n en el <i>Diario Oficial de la Federaci\u00f3n<\/i> (DOF).<\/p>\n<p>El pleno de la C\u00e1mara de Diputados aprob\u00f3 en lo general y lo particular el Presupuesto de Egresos de la Federaci\u00f3n (PEF) para el 2022, en donde se aval\u00f3 un gasto total de 7.08 billones de pesos. Este presupuesto hist\u00f3rico se aprob\u00f3 alrededor de las 2:00 de la ma\u00f1ana del domingo con 273 votos a favor, 214 en contra y cero abstenciones, luego de la discusi\u00f3n de 1,994 reservas que fueron presentadas por las diferentes bancadas, y de las cuales ninguna fue aprobada.<\/p>\n<p>La discusi\u00f3n del PEF, que inici\u00f3 la ma\u00f1ana del mi\u00e9rcoles 10 de noviembre, se extendi\u00f3 hasta el fin de semana y confront\u00f3 en diversas ocasiones a los legisladores. La coalici\u00f3n de Va Por M\u00e9xico, integrada por el PRI, PAN y PRD, fue la que present\u00f3 el mayor n\u00famero de reservas, de las cuales todas fueron desechadas.<\/p>\n<p>El presupuesto alternativo que presentaron, en donde buscaban reasignar 380,000 millones de pesos del PEF a trav\u00e9s de recortes a gastos operativos, as\u00ed como los proyectos prioritarios de la administraci\u00f3n de Andr\u00e9s Manuel L\u00f3pez Obrador, como el Tren Maya o la Refiner\u00eda Dos Bocas, fue repetidamente atacado, siendo catalogado como \u201cvacilada\u201d y una \u201cmarcianada\u201d.<\/p>\n<p>En tanto, temas como el recorte al INE y el Poder Judicial tambi\u00e9n enfrentaron a los legisladores. Incluso, el diputado de Morena Gerardo Fern\u00e1ndez Noro\u00f1a present\u00f3 una reserva para recortar, a\u00fan m\u00e1s, el presupuesto del INE; sin embargo, la retir\u00f3 el viernes al momento de pasar a tribuna.<\/p>\n<p>Los diputados y las diputadas empezaron a verse cansados y m\u00e1s agresivos conforme avanz\u00f3 la discusi\u00f3n. Entre carteles con groser\u00edas, e incluso el uso de estas palabras en tribuna, los legisladores intentaron avanzar de manera m\u00e1s r\u00e1pida el s\u00e1bado, donde ya varios de ellos retiraron sus reservas. Al final, varias reservas no fueron presentadas y s\u00f3lo se a\u00f1adieron al Diario de los Debates por acuerdo.<span class=\"Apple-converted-space\">\u00a0<\/span><\/p>\n<p style=\"text-align: center;\"><b>\u00bfC\u00f3mo se gastar\u00e1?<\/b><\/p>\n<p>Del gasto que se proyecta para 2022 -el cual ser\u00e1 solventado en m\u00e1s de la mitad por el pago de impuestos de los contribuyentes- 74% se ir\u00e1 al gasto programable, es decir, aquel que se destina a proveer bienes y servicios p\u00fablicos a la poblaci\u00f3n, mientras que 26% se ir\u00e1 al no programable, que se refiere al pago del cumplimiento de obligaciones como participaciones, pago de la deuda y pensiones.<\/p>\n<p>Al interior de este presupuesto, que se caracteriza por un segundo a\u00f1o de pandemia, se contempla que el gasto en salud incremente en 15.2% para continuar haciendo frente al Covid-19.<\/p>\n<p>Adem\u00e1s, en el PEF 2022 se contin\u00faa con el apoyo a los programas y obras insignia del gobierno, como la Pensi\u00f3n para el Bienestar de Adultos Mayores, el Tren Maya, la Construcci\u00f3n de Dos Bocas, entre otros, pese a las cr\u00edticas de la oposici\u00f3n que cuestionaron el beneficio social y econ\u00f3mico que puedan generar.<\/p>\n<p>En el caso del gasto de inversi\u00f3n, se propone una cifra que tambi\u00e9n es hist\u00f3rica, por 982,287 millones de pesos, 14.3% m\u00e1s a lo aprobado para este a\u00f1o.<span class=\"Apple-converted-space\">\u00a0<\/span><\/p>\n","protected":false},"excerpt":{"rendered":"<p>En la madrugada de este domingo, luego de una marat\u00f3nica sesi\u00f3n, que empez\u00f3 desde el mi\u00e9rcoles pasado y de rechazar todas las propuestas de modificaci\u00f3n; las bancadas de Morena, Verde y PT aprobaron el Presupuesto de Egresos de la Federaci\u00f3n de 2022, sin modificarle una coma y fue enviado al Poder Ejecutivo para su publicaci\u00f3n en el Diario Oficial de la Federaci\u00f3n (DOF).<\/p>\n","protected":false},"author":1,"featured_media":527132,"comment_status":"open","ping_status":"open","sticky":false,"template":"","format":"standard","meta":{"_monsterinsights_skip_tracking":false,"_monsterinsights_sitenote_active":false,"_monsterinsights_sitenote_note":"","_monsterinsights_sitenote_category":0,"footnotes":""},"categories":[8],"tags":[98,43673,94052],"class_list":["post-527131","post","type-post","status-publish","format-standard","has-post-thumbnail","hentry","category-finanzas","tag-camara-de-diputados","tag-nacional","tag-presupuesto-de-egresos-de-la-federacion-2022"],"_links":{"self":[{"href":"https:\/\/www.diarioimagen.net\/index.php?rest_route=\/wp\/v2\/posts\/527131","targetHints":{"allow":["GET"]}}],"collection":[{"href":"https:\/\/www.diarioimagen.net\/index.php?rest_route=\/wp\/v2\/posts"}],"about":[{"href":"https:\/\/www.diarioimagen.net\/index.php?rest_route=\/wp\/v2\/types\/post"}],"author":[{"embeddable":true,"href":"https:\/\/www.diarioimagen.net\/index.php?rest_route=\/wp\/v2\/users\/1"}],"replies":[{"embeddable":true,"href":"https:\/\/www.diarioimagen.net\/index.php?rest_route=%2Fwp%2Fv2%2Fcomments&post=527131"}],"version-history":[{"count":0,"href":"https:\/\/www.diarioimagen.net\/index.php?rest_route=\/wp\/v2\/posts\/527131\/revisions"}],"wp:featuredmedia":[{"embeddable":true,"href":"https:\/\/www.diarioimagen.net\/index.php?rest_route=\/wp\/v2\/media\/527132"}],"wp:attachment":[{"href":"https:\/\/www.diarioimagen.net\/index.php?rest_route=%2Fwp%2Fv2%2Fmedia&parent=527131"}],"wp:term":[{"taxonomy":"category","embeddable":true,"href":"https:\/\/www.diarioimagen.net\/index.php?rest_route=%2Fwp%2Fv2%2Fcategories&post=527131"},{"taxonomy":"post_tag","embeddable":true,"href":"https:\/\/www.diarioimagen.net\/index.php?rest_route=%2Fwp%2Fv2%2Ftags&post=527131"}],"curies":[{"name":"wp","href":"https:\/\/api.w.org\/{rel}","templated":true}]}}