{"id":527144,"date":"2021-11-15T00:02:32","date_gmt":"2021-11-15T06:02:32","guid":{"rendered":"https:\/\/www.diarioimagen.net\/?p=527144"},"modified":"2021-11-15T05:38:00","modified_gmt":"2021-11-15T11:38:00","slug":"aprobado-el-presupuesto-de-egresos-no-habra-reganos-en-palacio-nacional","status":"publish","type":"post","link":"https:\/\/www.diarioimagen.net\/?p=527144","title":{"rendered":"Aprobado el Presupuesto de Egresos, no habr\u00e1 rega\u00f1os en Palacio Nacional"},"content":{"rendered":"<h2>La Retaguardia<\/h2>\n<h5>Adriana Moreno Cordero<\/h5>\n<p>&nbsp;<\/p>\n<ul>\n<li><strong><em>Echazarreta Torres denuncia irregularidades en \u201cEstadio Sostenible Yucat\u00e1n\u201d<\/em><\/strong><\/li>\n<\/ul>\n<p>&nbsp;<\/p>\n<p>No habr\u00e1 rega\u00f1os \u201cni jalones de orejas\u201d desde Palacio Nacional porque finalmente y despu\u00e9s de muchas y largas horas, con 273 votos a favor y 214 en contra, sin ninguna abstenci\u00f3n, se aprob\u00f3 el Presupuesto de Egresos para 2022, con la consabida \u201cl\u00ednea\u201d de no quitarle ni una coma, porque ello hubiera derivado ni m\u00e1s ni menos, que en la furia del presidente <strong>Andr\u00e9s Manuel L\u00f3pez Obrador<\/strong>.<\/p>\n<p>Desvelado, el de Tepetit\u00e1n agradeci\u00f3 a sus s\u00fabditos, (\u00a1perd\u00f3n!) a los diputados morenistas, \u201csu postura en defensa del pueblo y no de las minor\u00edas por siempre privilegiadas. A dormir con la conciencia tranquila, feliz domingo\u201d.<\/p>\n<p>Pero a esto no se lleg\u00f3 en autom\u00e1tico, los integrantes de la fracci\u00f3n parlamentaria que coordina <strong>Ignacio Mier Velazco<\/strong>, por varios d\u00edas -incluido el cumplea\u00f1os del Presidente, el pasado 13 de noviembre-, exhibieron toda su ignorancia y vulgaridad. Sin la menor idea de lo que es, o m\u00e1s bien debiera ser, el comportamiento y la pr\u00e1ctica parlamentaria, en cuanto el reloj marc\u00f3 la \u201chora cero\u201d, los morenistas utilizaron el Sal\u00f3n de Plenos del Palacio Legislativo de San L\u00e1zaro as\u00ed como el Canal Legislativo, para cantarle \u201cLas Ma\u00f1anitas\u201d a su jefe, que seguramente los estaba viendo desde Palacio Nacional, rest\u00e1ndole horas a su sue\u00f1o.<\/p>\n<p>Montaron en la tribuna de la C\u00e1mara baja los legisladores del Ejecutivo, una especie de escenario propio de una celebraci\u00f3n de XV a\u00f1os de alguno de esos barrios o colonias donde vive parte de ese \u201cpueblo bueno y sabio\u201d al que tanto alude el tabasque\u00f1o. Todos los diputados morenistas quer\u00edan salir en la foto, sin importar protagonizar escenas por cierto, de un p\u00e9simo gusto. En fin, as\u00ed es el servilismo.<\/p>\n<p>El Bloque Opositor en San L\u00e1zaro, entonces respondi\u00f3 con una rotunda negativa a que sus votos aprueben la reforma el\u00e9ctrica, porque la mayor\u00eda del partido oficial nunca escuch\u00f3 sus propuestas de modificaci\u00f3n al Presupuesto para el a\u00f1o entrante y hasta se burlaron de ellas, as\u00ed que sus mil 994 reservas, se perdieron en el vac\u00edo y la cerraz\u00f3n de los morenistas .<\/p>\n<p>Lo anterior resulta interesante pues hace varias semanas, mucho se coment\u00f3 en los corrillos no s\u00f3lo parlamentarios la posibilidad de que el PRI, negociar\u00e1 para refrendar la alianza \u201cPRIMOR\u201d y sacar adelante dicha trascendental reforma. Habr\u00e1 que seguir la postura que mantengan los tricolores, que luego dicen una cosa y hacen exactamente lo contrario, es decir, encendidos discursos pronunciaron el coordinador de los diputados pri\u00edstas, <strong>Rub\u00e9n Moreira<\/strong>, as\u00ed como el dirigente del Revolucionario Institucional, <strong>Alejandro Moreno<\/strong>, pero por debajo de la mesa, es otra cosa. \u00bfSer\u00e1?<\/p>\n<p>Casi al final de una jornada que result\u00f3 desgastante, el panista <strong>Jorge Triana<\/strong>, acus\u00f3 a los legisladores morenistas de que: \u201cIncluso hubo uno que se atrevi\u00f3 a venir a esta tribuna a extorsionar, y decirnos que quer\u00edamos m\u00e1s recursos para medicamentos, ten\u00edamos que aprobar la contrarreforma del Presidente, \u00a1vaya caradura!\u201d.<\/p>\n<p>Esto pudiera tener una buena dosis de cre\u00edble ya que en su reciente visita a Nueva York, presuntamente, seguidores pertenecientes al equipo cercano del tabasque\u00f1o habr\u00edan ofrecido algo as\u00ed como cien d\u00f3lares a quienes acudieran a llevar serenata al presidente mexicano y le aplaudieran en el Parque desde donde se transmiti\u00f3 el discurso de L\u00f3pez Obrador en la ONU y bueno, pues hubo quien hasta se hinc\u00f3 fervorosamente.<\/p>\n<p>De hecho, la visita del inquilino de Palacio Nacional a la ONU, para encabezar la sesi\u00f3n del Consejo de Seguridad, termin\u00f3 por dividir las opiniones y al parecer, para hablar bien de \u00e9l, hubo algo de por medio. \u00bfSer\u00e1?<\/p>\n<p>Por ello la pregunta es: \u00bfde qu\u00e9 medios se valdr\u00e1n ahora los seguidores de L\u00f3pez Obrador para que quede bien en la reuni\u00f3n con el Presidente de los Estados Unidos, <strong>Joe Biden<\/strong> y el Primer Ministro de Canad\u00e1, <strong>Justin Trudeau<\/strong>? No hay que olvidar que el tabasque\u00f1o asegura que pondr\u00e1 en su lugar al inquilino de la Casa Blanca, si es necesario. \u00a1Aj\u00e1!<\/p>\n<p style=\"text-align: center;\"><strong>Municiones<\/strong><\/p>\n<p>*** Trasciende desde la tierra del fais\u00e1n y del venado, una delicada denuncia interpuesta por el diputado local de Morena, <strong>Rafael Echazarreta Torres<\/strong>, relacionada con el proyecto del \u201cEstadio Sostenible Yucat\u00e1n\u201d. Resulta que en ella se destacan una serie de irregularidades, abuso de autoridad, tr\u00e1fico de influencias y lo m\u00e1s importante, conflicto de intereses de al menos dos de los m\u00e1s altos funcionarios del ejecutivo estatal, as\u00ed como el desaseado e injustificado proceso de desincorporaci\u00f3n del patrimonio p\u00fablico, quit\u00e1ndole a la gente uno de sus terrenos mejor ubicados en la ciudad, para favorecer a particulares. Por lo menos, en otros gobiernos habr\u00edan pedido \u201crenuncias\u201d. Forma es fondo.<\/p>\n<p>*** El senador <strong>Ricardo Monreal<\/strong> anunci\u00f3 que va por reforma constitucional para impedir venta de menores en comunidades ind\u00edgenas. Este es un tema que caus\u00f3 divisi\u00f3n en Guerrero, pues mientras la (vice) gobernadora, <strong>Evelyn Salgado<\/strong>, prometi\u00f3 a hacer una reforma en el mismo sentido para la zona de La Monta\u00f1a guerrerense, por su parte, en su visita a dicha entidad, el presidente L\u00f3pez Obrador minimiz\u00f3 el asunto diciendo que esa degradante situaci\u00f3n no era la generalidad. De cualquier manera, el tambi\u00e9n presidente de la Junta de Coordinaci\u00f3n Pol\u00edtica de la C\u00e1mara Alta, subray\u00f3 que el matrimonio infantil y las uniones tempranas constituyen una violaci\u00f3n de los derechos humanos de ni\u00f1as y adolescentes, porque afectan su desarrollo y el ejercicio de sus derechos humanos a la salud y a la educaci\u00f3n. A\u00f1adi\u00f3 el zacatecano que la autonom\u00eda de las comunidades ind\u00edgenas debe garantizarse en todo momento; sin embargo, los usos y costumbres no pueden estar por encima de los derechos de las menores, as\u00ed que confi\u00f3 en que se apruebe su iniciativa para eliminar la venta de ni\u00f1as y adolescentes en pueblos y comunidades ind\u00edgenas.<\/p>\n<p>*** Interesante la propuesta sobre otro tema que hizo el senador panista <strong>Dami\u00e1n Zepeda<\/strong> para la instauraci\u00f3n de la segunda vuelta en el sistema electoral mexicano algo que, dijo, no se debe postergar m\u00e1s, pues permitir\u00eda que los gobernantes sean electos por la mayor\u00eda real de los ciudadanos, y evitar\u00eda posturas radicales al forzar la suma de esfuerzos y consensos en el ejercicio del gobierno. As\u00ed,\u00a0el legislador del PAN present\u00f3 una iniciativa para incorporar esta figura a la Constituci\u00f3n Pol\u00edtica, a fin de que el presidente de la Rep\u00fablica y los gobernadores sean electos mediante el voto directo de la mayor\u00eda absoluta de los votos v\u00e1lidamente emitidos. Es decir, por la mitad m\u00e1s uno de los sufragios v\u00e1lidos emitidos en la elecci\u00f3n.\u00a0Pero, si no se obtuviera esta mayor\u00eda absoluta en una primera votaci\u00f3n, explic\u00f3 Zepeda Vidales, se realizar\u00eda una segunda vuelta en la que \u00fanicamente participar\u00edan los dos candidatos que hayan obtenido el mayor n\u00famero de votos respecto del total de sufragios emitidos en la primera vuelta.\u00a0\u00bfOyeron, <strong>Claudia Sheinbaum<\/strong> y <strong>Marcelo Ebrard<\/strong>?<\/p>\n<p><u><a href=\"mailto:morcora@gmail.com\" target=\"_blank\" rel=\"noopener noreferrer\"><em>morcora@gmail.com<\/em><\/a><\/u><\/p>\n","protected":false},"excerpt":{"rendered":"<p><span style=\"color: #005497;\"><strong>Adriana Moreno Cordero<\/strong><\/span><\/p>\n","protected":false},"author":3,"featured_media":0,"comment_status":"open","ping_status":"open","sticky":false,"template":"","format":"standard","meta":{"_monsterinsights_skip_tracking":false,"_monsterinsights_sitenote_active":false,"_monsterinsights_sitenote_note":"","_monsterinsights_sitenote_category":0,"footnotes":""},"categories":[69370],"tags":[69369,69368,43674],"class_list":["post-527144","post","type-post","status-publish","format-standard","hentry","category-adriana-moreno-cordero","tag-adriana-moreno-cordero","tag-la-retaguardia","tag-opinion"],"_links":{"self":[{"href":"https:\/\/www.diarioimagen.net\/index.php?rest_route=\/wp\/v2\/posts\/527144","targetHints":{"allow":["GET"]}}],"collection":[{"href":"https:\/\/www.diarioimagen.net\/index.php?rest_route=\/wp\/v2\/posts"}],"about":[{"href":"https:\/\/www.diarioimagen.net\/index.php?rest_route=\/wp\/v2\/types\/post"}],"author":[{"embeddable":true,"href":"https:\/\/www.diarioimagen.net\/index.php?rest_route=\/wp\/v2\/users\/3"}],"replies":[{"embeddable":true,"href":"https:\/\/www.diarioimagen.net\/index.php?rest_route=%2Fwp%2Fv2%2Fcomments&post=527144"}],"version-history":[{"count":0,"href":"https:\/\/www.diarioimagen.net\/index.php?rest_route=\/wp\/v2\/posts\/527144\/revisions"}],"wp:attachment":[{"href":"https:\/\/www.diarioimagen.net\/index.php?rest_route=%2Fwp%2Fv2%2Fmedia&parent=527144"}],"wp:term":[{"taxonomy":"category","embeddable":true,"href":"https:\/\/www.diarioimagen.net\/index.php?rest_route=%2Fwp%2Fv2%2Fcategories&post=527144"},{"taxonomy":"post_tag","embeddable":true,"href":"https:\/\/www.diarioimagen.net\/index.php?rest_route=%2Fwp%2Fv2%2Ftags&post=527144"}],"curies":[{"name":"wp","href":"https:\/\/api.w.org\/{rel}","templated":true}]}}