{"id":527145,"date":"2021-11-15T00:01:35","date_gmt":"2021-11-15T06:01:35","guid":{"rendered":"https:\/\/www.diarioimagen.net\/?p=527145"},"modified":"2021-11-15T05:39:24","modified_gmt":"2021-11-15T11:39:24","slug":"machetazo-al-ine","status":"publish","type":"post","link":"https:\/\/www.diarioimagen.net\/?p=527145","title":{"rendered":"Machetazo al INE"},"content":{"rendered":"<h2>De pe a pa<\/h2>\n<h5>Alberto Vieyra G.<\/h5>\n<p>&nbsp;<\/p>\n<p>AMLO asesta machetazo presupuestal contra el INE, la justicia mexicana y organismos aut\u00f3nomos y si por \u00e9l fuera, los desaparecer\u00eda de un plumazo para que el pa\u00eds sea de un solo hombre: el Presidente de la Rep\u00fablica, al m\u00e1s puro estilo de Santa Anna.<\/p>\n<p>Los diputados morenistas, de rodillas al Presidente, aprobaron el presupuesto de m\u00e1s de 7 billones, y para el a\u00f1o que entra le tendieron una trampa al INE, pues sin presupuesto llueve, truene o relampaguee, tendr\u00e1 que organizar la enfermiza Revocaci\u00f3n del Mandato y si las cosas salen mal, el \u00fanico responsable ser\u00e1 el INE y los consejeros electorales que no simpatizan con el r\u00e9gimen amlista, a los que se les podr\u00eda fincar un juicio pol\u00edtico despu\u00e9s del pr\u00f3ximo mes de marzo. El INE pidi\u00f3 un presupuesto de 24 mil millones de pesos para el pr\u00f3ximo a\u00f1o, 4 mil 900 millones de los cuales ser\u00edan para la reelecci\u00f3n anticipada de AMLO, perd\u00f3n la Revocaci\u00f3n del Mandato, que tiene tintes reeleccionistas y con la cual se enga\u00f1a a los mexicanos que ser\u00e1 un ejercicio para la \u201cdemocracia\u201d azteca.<\/p>\n<p>Le aseguro que si las cosas salen mal, AMLO y Morena aprovecharan para lanzar una feroz campa\u00f1a de desprestigio en contra del organismo electoral, acus\u00e1ndolo de antidemocr\u00e1tico, anti-AMLO, anti-Morena y no descansar\u00e1n hasta desaparecerlo en una reforma electoral gatopardista para apoderarse del \u00e1rbitro electoral de M\u00e9xico y para que las elecciones en M\u00e9xico resulten a gusto del Presidente de la Rep\u00fablica, al m\u00e1s puro estilo del dictador nicarag\u00fcense Daniel Ortega y de otros reg\u00edmenes dictatoriales en Am\u00e9rica Latina.<\/p>\n<p>El INE ciudadanizado como est\u00e1 y que ha dado sobradas muestras de ser garante de la voluntad popular de los mexicanos, se convertir\u00eda en ap\u00e9ndice del gobierno de AMLO, despu\u00e9s de llevar a cabo una campa\u00f1a acus\u00e1ndolo de ser un INE rico con sueldos escandalosos de sus consejeros y un pueblo pobre o de que \u201cla democracia en M\u00e9xico es la m\u00e1s cara del mundo\u201d. Todo eso y mucho m\u00e1s dir\u00e1n AMLO y Morena del INE, la cuesti\u00f3n es desprestigiarlo para apoderarse de \u00e9l.<\/p>\n<p>El disfraz del Presupuesto de Egresos de 2022, es que el gobierno se apretar\u00e1 el cintur\u00f3n o les apretar\u00e1 las tuercas presupuestales a los otros organismos aut\u00f3nomos para reducir su protagonismo y de ser necesario, los reducir\u00e1 en instituciones burocr\u00e1ticas inservibles. El protagonismo debe ser solamente de AMLO y de nadie m\u00e1s, pues \u00e9l, incluso, se encargar\u00e1 de hacerles la campa\u00f1a electoral a sus favoritos, Claudia Sheinbaum y el canciller Marcelo Ebrard, quien est\u00e1 siendo placeado a nivel internacional como el que arregla los asuntos del actual gobierno con sello de presidenciable para 2024.<\/p>\n<p>Pero, aguas porque si en Morena se da una ruptura hist\u00f3rica como ocurri\u00f3 en el PRI en 1987, ese disque partido podr\u00eda figurar en la rotonda de los partidos ilustres.<\/p>\n<p>Antes que nadie, aqu\u00ed le adelante que el bloque opositor que integran PRI, PAN y PRD y m\u00e1s lo que se acumulen rumbo a las elecciones presidenciales de 2024, tiene en la mira al ex priista Ricardo Monreal, ninguneado por AMLO en el Senado y como el \u00fanico posible en llevar a cabo una reconciliaci\u00f3n nacional que ponga fin al divisionismo y encono al que ha llevado AMLO a la naci\u00f3n azteca.<\/p>\n<p>Monreal, si bien es un mercenario de la pol\u00edtica, igual que Porfirio Mu\u00f1oz Ledo, no deja de ser un mexicano que privilegia la ciencia pol\u00edtica y el di\u00e1logo con todos los sectores y oligarqu\u00edas con las que AMLO se ha peleado. La recomposici\u00f3n y reconciliaci\u00f3n del pa\u00eds s\u00f3lo la puede llevar a cabo un hombre de Estado y todo parece indicar que esa pieza clave se llama Ricardo Monreal \u00c1vila.<\/p>\n<p><a href=\"mailto:info@agenciamn.com\" target=\"_blank\" rel=\"noopener noreferrer\"><em>info@agenciamn.com<\/em><\/a><\/p>\n","protected":false},"excerpt":{"rendered":"<p><span style=\"color: #005497;\"><strong>Alberto Vieyra G.<\/strong><\/span><\/p>\n","protected":false},"author":3,"featured_media":0,"comment_status":"open","ping_status":"open","sticky":false,"template":"","format":"standard","meta":{"_monsterinsights_skip_tracking":false,"_monsterinsights_sitenote_active":false,"_monsterinsights_sitenote_note":"","_monsterinsights_sitenote_category":0,"footnotes":""},"categories":[4596],"tags":[43697,4597],"class_list":["post-527145","post","type-post","status-publish","format-standard","hentry","category-alberto-vieyra-g","tag-alberto-vieyra-g","tag-de-pe-a-pa"],"_links":{"self":[{"href":"https:\/\/www.diarioimagen.net\/index.php?rest_route=\/wp\/v2\/posts\/527145","targetHints":{"allow":["GET"]}}],"collection":[{"href":"https:\/\/www.diarioimagen.net\/index.php?rest_route=\/wp\/v2\/posts"}],"about":[{"href":"https:\/\/www.diarioimagen.net\/index.php?rest_route=\/wp\/v2\/types\/post"}],"author":[{"embeddable":true,"href":"https:\/\/www.diarioimagen.net\/index.php?rest_route=\/wp\/v2\/users\/3"}],"replies":[{"embeddable":true,"href":"https:\/\/www.diarioimagen.net\/index.php?rest_route=%2Fwp%2Fv2%2Fcomments&post=527145"}],"version-history":[{"count":0,"href":"https:\/\/www.diarioimagen.net\/index.php?rest_route=\/wp\/v2\/posts\/527145\/revisions"}],"wp:attachment":[{"href":"https:\/\/www.diarioimagen.net\/index.php?rest_route=%2Fwp%2Fv2%2Fmedia&parent=527145"}],"wp:term":[{"taxonomy":"category","embeddable":true,"href":"https:\/\/www.diarioimagen.net\/index.php?rest_route=%2Fwp%2Fv2%2Fcategories&post=527145"},{"taxonomy":"post_tag","embeddable":true,"href":"https:\/\/www.diarioimagen.net\/index.php?rest_route=%2Fwp%2Fv2%2Ftags&post=527145"}],"curies":[{"name":"wp","href":"https:\/\/api.w.org\/{rel}","templated":true}]}}