{"id":527147,"date":"2021-11-15T00:04:08","date_gmt":"2021-11-15T06:04:08","guid":{"rendered":"https:\/\/www.diarioimagen.net\/?p=527147"},"modified":"2021-11-15T05:41:23","modified_gmt":"2021-11-15T11:41:23","slug":"los-chimalapas-de-oaxaca","status":"publish","type":"post","link":"https:\/\/www.diarioimagen.net\/?p=527147","title":{"rendered":"Los Chimalapas, de Oaxaca"},"content":{"rendered":"<h2>Desde el portal<\/h2>\n<h5>\u00c1ngel Soriano<\/h5>\n<p>&nbsp;<\/p>\n<p>Autodefensas con armas de grueso calibre pretenden echar atr\u00e1s la resoluci\u00f3n favorable a Oaxaca de la Suprema Corte de Justicia de la Naci\u00f3n (SCJN) que restituye el despojo de tierras que talamontes chiapanecos se apropiaron desde hace medio siglo y crearon nuevos asentamientos humanos sobre las mismas.<\/p>\n<p>Ni la invasi\u00f3n ilegal ni el poder de las armas pueden hacer retroceder la Ley ni cambiar un hecho hist\u00f3rico: cuando el vecino estado de Chiapas formaba parte de Guatemala, Los Chimalapas territorialmente estaban sobre territorio oaxaque\u00f1o, que posteriormente mediante acciones ilegales se haya querido cambiar la historia, es otra cosa.<\/p>\n<p>La decisi\u00f3n de la SCJN debe servir de lecci\u00f3n y de antecedente de que en M\u00e9xico no es posible vivir ya en la ley de la selva. Se debe terminar con las acciones de fuerza, con el surgimiento de grupos armados y de presi\u00f3n que mediante la violencia pretenden imponer su Ley y arrogarse derechos que no les corresponden.<\/p>\n<p>S\u00f3lo as\u00ed se podr\u00eda terminar con plantones, secuestros de autoridades y de personas inocentes, tomas de oficinas y estrangulamiento de vialidades y de obstrucci\u00f3n de la v\u00eda p\u00fablica si es que se respetara la Ley. Ceder a presiones y a chantajes no llevar\u00e1 a M\u00e9xico m\u00e1s que a continuar en la misma ruta de la violencia, de la impunidad y del desconocimiento de las autoridades e instituciones sino se aplica la Ley con justicia.<\/p>\n<p style=\"text-align: center;\"><strong>Turbulencias<br \/>\nMariana Ben\u00edtez resurge en Oaxaca<\/strong><\/p>\n<p>Luego de su pasado tormentoso al lado del ex titular de la PGR, Jes\u00fas Murillo Karam, el hidalguense creador de la \u201cverdad hist\u00f3rica\u201d del vergonzoso caso de Ayotzinapa, la ex diputada federal Mariana Ben\u00edtez Toledo capitaliza las luchas feministas que le permitieron asumir la presidencia de la C\u00e1mara de Diputados de Oaxaca una vez que incursion\u00f3 como aspirante a la gubernatura del estado como militante del PRI. El Congreso Local oaxaque\u00f1o est\u00e1 conformado en su mayor\u00eda por aguerridas mujeres que hoy controlan el Poder Legislativo. Este lunes recibir\u00e1n el 5\u00ba informe del gobernador Alejandro Murat que encara serios conflictos con los vecinos de Veracruz y Oaxaca. Con Cuitl\u00e1huac Garc\u00eda porque orden\u00f3 detener al diputado local (ahora ausente) Gustavo D\u00edaz S\u00e1nchez, involucrado en actividades il\u00edcitas y pol\u00edticas que lo llevaron a acumular gran poder como para encarar al mandatario veracruzano de origen morenista. Partidarios de \u201cEl Gato\u201d han cuestionado al mandatario oaxaque\u00f1o por guardar silencio en este asunto aun cuando se trata de uno de sus correligionarios, a quien han dejado solo. Incluso se involucra tambi\u00e9n al prepotente y acaudalado Alejandro Avil\u00e9s \u00c1lvarez, el triple \u201cA\u201d como socio del malogrado legislador\u2026 Y del lado chiapaneco la resoluci\u00f3n de la SCJN favorable en el a\u00f1ejo litigio de Los Chimalapas han alzado en armas a ejidatarios de Mier y Ter\u00e1n que rechazan pertenecer a territorio oaxaque\u00f1o; podr\u00edan abandonar las tierras y seguir siendo chiapanecos pero parece que tampoco est\u00e1n dispuestos a ello\u2026 Se iniciaron las precampa\u00f1as de los doce aspirantes a la candidatura de Morena a la gubernatura de Oaxaca, unos con amplios recursos econ\u00f3micos (la mayor\u00eda con el mismo origen del presupuesto p\u00fablico) y otros que pretenden acceder a los mismos. Las autoridades electorales tienen mucha tela de donde cortar, pues abiertamente unos utilizan la infraestructura administrativa federal, estatal o municipal para sus actos proselitistas y otros lo hacen en complicidad con sus asociados. El senador Salom\u00f3n Jara, por ejemplo, hizo gala de control del Congreso Local en donde reapareci\u00f3 con motivo de la instalaci\u00f3n de la LXV Legislatura Local y en donde cuenta con seguidores de todos los niveles; otros ofertan sus servicios como gestores para la introducci\u00f3n de servicios (agua, luz, drenaje) a comunidades, dependiendo de su cercan\u00eda con la administraci\u00f3n p\u00fablica.<\/p>\n<p><u><a href=\"mailto:asorianocarrasco@yahoo.com\" target=\"_blank\" rel=\"noopener noreferrer\"><em>asorianocarrasco@yahoo.com<\/em><\/a><br \/>\n<em><a href=\"https:\/\/revistabrecha.com\" target=\"_blank\" rel=\"noopener noreferrer\">www.revistabrecha.com<\/a><br \/>\n<a href=\"https:\/\/twitter.com\/brecharevista\" target=\"_blank\" rel=\"noopener noreferrer\">@BrechaRevista<\/a><\/em><\/u><\/p>\n","protected":false},"excerpt":{"rendered":"<p><span style=\"color: #005497;\"><strong>\u00c1ngel Soriano<\/strong><\/span><\/p>\n","protected":false},"author":3,"featured_media":0,"comment_status":"open","ping_status":"open","sticky":false,"template":"","format":"standard","meta":{"_monsterinsights_skip_tracking":false,"_monsterinsights_sitenote_active":false,"_monsterinsights_sitenote_note":"","_monsterinsights_sitenote_category":0,"footnotes":""},"categories":[135],"tags":[85,86,43674],"class_list":["post-527147","post","type-post","status-publish","format-standard","hentry","category-angel-soriano-opinion","tag-angel-soriano","tag-desde-el-portal","tag-opinion"],"_links":{"self":[{"href":"https:\/\/www.diarioimagen.net\/index.php?rest_route=\/wp\/v2\/posts\/527147","targetHints":{"allow":["GET"]}}],"collection":[{"href":"https:\/\/www.diarioimagen.net\/index.php?rest_route=\/wp\/v2\/posts"}],"about":[{"href":"https:\/\/www.diarioimagen.net\/index.php?rest_route=\/wp\/v2\/types\/post"}],"author":[{"embeddable":true,"href":"https:\/\/www.diarioimagen.net\/index.php?rest_route=\/wp\/v2\/users\/3"}],"replies":[{"embeddable":true,"href":"https:\/\/www.diarioimagen.net\/index.php?rest_route=%2Fwp%2Fv2%2Fcomments&post=527147"}],"version-history":[{"count":0,"href":"https:\/\/www.diarioimagen.net\/index.php?rest_route=\/wp\/v2\/posts\/527147\/revisions"}],"wp:attachment":[{"href":"https:\/\/www.diarioimagen.net\/index.php?rest_route=%2Fwp%2Fv2%2Fmedia&parent=527147"}],"wp:term":[{"taxonomy":"category","embeddable":true,"href":"https:\/\/www.diarioimagen.net\/index.php?rest_route=%2Fwp%2Fv2%2Fcategories&post=527147"},{"taxonomy":"post_tag","embeddable":true,"href":"https:\/\/www.diarioimagen.net\/index.php?rest_route=%2Fwp%2Fv2%2Ftags&post=527147"}],"curies":[{"name":"wp","href":"https:\/\/api.w.org\/{rel}","templated":true}]}}