{"id":527149,"date":"2021-11-15T00:05:31","date_gmt":"2021-11-15T06:05:31","guid":{"rendered":"https:\/\/www.diarioimagen.net\/?p=527149"},"modified":"2021-11-15T05:42:37","modified_gmt":"2021-11-15T11:42:37","slug":"votos-mas-importantes-que-salud","status":"publish","type":"post","link":"https:\/\/www.diarioimagen.net\/?p=527149","title":{"rendered":"Votos, m\u00e1s importantes que salud"},"content":{"rendered":"<h2>Perfil de M\u00e9xico<\/h2>\n<h5>Armando R\u00edos Ruiz<\/h5>\n<p>&nbsp;<\/p>\n<p>Sin necesidad de preguntar o de tener la informaci\u00f3n de primera mano, sin duda, alguien debe haber convencido al Presidente de que la falta de medicinas puede ser un factor que le aleje votos, ya que el n\u00famero de muertes que ocasiona es m\u00e1s alto que el que producen los criminales. Ambos agentes compiten. Pero el \u00faltimo, definitivamente va a la cabeza sin disparar un tiro y la resta de sufragios s\u00ed que es un tema que le interesa por sobre todas las cosas.<\/p>\n<p>Los votos son m\u00e1s importantes que el combate a la corrupci\u00f3n. Este es un cuento que yace en la cabeza del mandatario, s\u00f3lo para mantener expectativas de \u00e9xito entre sus simpatizantes. Hay que hacer un examen entre sus colaboradores, desde el m\u00e1s alto hasta el m\u00e1s modesto, para darnos cuenta de que\u00a0 el fen\u00f3meno se ha desbordado y como bandera principal, no ha logrado establecer una diferencia con los gobiernos anteriores.<\/p>\n<p>Desde principios de esta administraci\u00f3n, el Ejecutivo comenz\u00f3 a limitar innumerables dependencias con la novela de combate a la inmoralidad heredada desde tiempo inmemorial. Cuando toc\u00f3 a las medicinas hizo caso omiso a los justos reclamos de millares de compatriotas, que comenzaron a experimentar la escasez criminal y a ver en sus familiares empeoramiento de sus enfermedades y muertes por todos lados.<\/p>\n<p>Lo peor, por su indefensi\u00f3n, ha sido el fallecimiento de miles y miles de ni\u00f1os con c\u00e1ncer, cuyos medicamentos desaparecieron de plano de los almacenes del Seguro Social y de otras instancias de salud p\u00fablica. No obstante, el Presidente permaneci\u00f3 siempre inmutable ante las expresiones de dolor, con la justificaci\u00f3n de que \u201cantes se robaban todo\u201d. Como si con esta excusa, las v\u00edctimas fueran a superar sus males.<\/p>\n<p>Cualquiera de sus chairos puede acudir a preguntar por medicinas en las instancias en donde antes se repart\u00edan. Inclusive por mejorales. Podr\u00e1 darse cuenta de que, como en el programa de televisi\u00f3n que protagonizaba el desaparecido comediante H\u00e9ctor Su\u00e1rez, escuchar\u00e1 siempre: \u201c\u00a1No hay!\u201d<\/p>\n<p>Pero alguien debe haberle dicho al Presidente que el problema representa, no un desastre para la salud de los mexicanos, sino para la fuga probable de votos. Esto si es realmente preocupante. \u00a1Qu\u00e9 casualidad que a tres a\u00f1os de haber dejado de adquirir medicinas, hasta hoy se le ocurre hacer un reclamo airado a las autoridades de Salud, que, a pesar de estar siempre a cuadro, o en la televisi\u00f3n, lo \u00fanico que han hecho es exhibir su incapacidad\u201d.<\/p>\n<p>Las manifestaciones, los m\u00edtines de familiares de much\u00edsimas v\u00edctimas no lograron \u201cconmover\u2019\u2019 el coraz\u00f3n de un mandatario que parece no tenerlo en su lugar. Por eso, ahora resulta sorpresivo que haya lanzado un rega\u00f1o proferido con supuesta molestia, a Jorge Alcocer, de Salud;\u00a0 a Zo\u00e9 Robledo, del IMSS; a Juan Antonio Ferrer, del Insabi y a Luis Antonio Ram\u00edrez, del ISSSTE.<\/p>\n<p>Dijo: \u201cYo no quiero escuchar que faltan medicamentos y no quiero excusas de ning\u00fan tipo. No podemos dormir tranquilos si no hay f\u00e1rmacos para atender a los enfermos\u201d. \u00a1Pues se tard\u00f3 mucho en reaccionar! Que sepamos, durante tres a\u00f1os, el problema no le quit\u00f3 el sue\u00f1o. Adem\u00e1s, su torpeza debe ser m\u00e1s grande que la que denota. \u00a1Apenas se dio cuenta de que la escasez es lamentable!<\/p>\n<p>\u00bfY por qu\u00e9 faltan medicamentos? Nada m\u00e1s y nada menos, porque cuando anunci\u00f3 su combate a la corrupci\u00f3n, tambi\u00e9n orden\u00f3 hacer compras sin licitaci\u00f3n a trav\u00e9s de la Secretar\u00eda de Hacienda y a echar de sus puestos a los que realmente sab\u00edan c\u00f3mo y a qui\u00e9n comprar. Los nuevos alejaron a los proveedores seguros, porque la moderna corrupci\u00f3n ser\u00eda con otros.<\/p>\n<p>Lo \u00fanico que mostraron gracias a su infinita incompetencia, fue que no era tan f\u00e1cil como cre\u00edan. Con palabras de un servidor y a grandes rasgos, es lo que dice la investigaci\u00f3n denominada \u201cOperaci\u00f3n Desabasto\u201d, hecha por las organizaciones Impunidad Cero y Justicia Justa.<\/p>\n<p>Luego entonces, el rega\u00f1o es publicidad pura para los seguidores. \u00bfNo?<\/p>\n<p><a href=\"mailto:ariosruiz@gmail.com\" target=\"_blank\" rel=\"noopener noreferrer\"><em>ariosruiz@gmail.com<\/em><\/a><\/p>\n","protected":false},"excerpt":{"rendered":"<p><span style=\"color: #005497;\"><strong>Armando R\u00edos Ruiz<\/strong><\/span><\/p>\n","protected":false},"author":3,"featured_media":0,"comment_status":"open","ping_status":"open","sticky":false,"template":"","format":"standard","meta":{"_monsterinsights_skip_tracking":false,"_monsterinsights_sitenote_active":false,"_monsterinsights_sitenote_note":"","_monsterinsights_sitenote_category":0,"footnotes":""},"categories":[88405],"tags":[88407,91193],"class_list":["post-527149","post","type-post","status-publish","format-standard","hentry","category-armando-rios-ruiz","tag-armando-rios-ruiz","tag-perfil-de-mexico"],"_links":{"self":[{"href":"https:\/\/www.diarioimagen.net\/index.php?rest_route=\/wp\/v2\/posts\/527149","targetHints":{"allow":["GET"]}}],"collection":[{"href":"https:\/\/www.diarioimagen.net\/index.php?rest_route=\/wp\/v2\/posts"}],"about":[{"href":"https:\/\/www.diarioimagen.net\/index.php?rest_route=\/wp\/v2\/types\/post"}],"author":[{"embeddable":true,"href":"https:\/\/www.diarioimagen.net\/index.php?rest_route=\/wp\/v2\/users\/3"}],"replies":[{"embeddable":true,"href":"https:\/\/www.diarioimagen.net\/index.php?rest_route=%2Fwp%2Fv2%2Fcomments&post=527149"}],"version-history":[{"count":0,"href":"https:\/\/www.diarioimagen.net\/index.php?rest_route=\/wp\/v2\/posts\/527149\/revisions"}],"wp:attachment":[{"href":"https:\/\/www.diarioimagen.net\/index.php?rest_route=%2Fwp%2Fv2%2Fmedia&parent=527149"}],"wp:term":[{"taxonomy":"category","embeddable":true,"href":"https:\/\/www.diarioimagen.net\/index.php?rest_route=%2Fwp%2Fv2%2Fcategories&post=527149"},{"taxonomy":"post_tag","embeddable":true,"href":"https:\/\/www.diarioimagen.net\/index.php?rest_route=%2Fwp%2Fv2%2Ftags&post=527149"}],"curies":[{"name":"wp","href":"https:\/\/api.w.org\/{rel}","templated":true}]}}