{"id":527189,"date":"2021-11-15T00:04:26","date_gmt":"2021-11-15T06:04:26","guid":{"rendered":"https:\/\/www.diarioimagen.net\/?p=527189"},"modified":"2021-11-15T08:23:10","modified_gmt":"2021-11-15T14:23:10","slug":"llegara-mafalda-a-huixquilucan-para-mantener-vigente-su-vision-del-mundo","status":"publish","type":"post","link":"https:\/\/www.diarioimagen.net\/?p=527189","title":{"rendered":"Llegar\u00e1 <em>Mafalda<\/em> a Huixquilucan para mantener vigente su visi\u00f3n del mundo"},"content":{"rendered":"<p>&nbsp;<\/p>\n<ul>\n<li><strong><em>Exposici\u00f3n interactiva<\/em><\/strong><\/li>\n<\/ul>\n<p>&nbsp;<\/p>\n<div id=\"attachment_527240\" style=\"width: 470px\" class=\"wp-caption aligncenter\"><a href=\"https:\/\/www.diarioimagen.net\/?attachment_id=527240\" rel=\"attachment wp-att-527240\"><img loading=\"lazy\" decoding=\"async\" aria-describedby=\"caption-attachment-527240\" class=\"size-full wp-image-527240\" src=\"https:\/\/www.diarioimagen.net\/wp-content\/uploads\/2021\/11\/huixquilucan-10.jpg\" alt=\"\" width=\"460\" height=\"270\" \/><\/a><p id=\"caption-attachment-527240\" class=\"wp-caption-text\">La alcaldesa interina Mar\u00eda Eugenia Torres y la presidenta DIF Huixquilucan, Romina Contreras, anunciaron que, desde el 26 de noviembre y hasta el pr\u00f3ximo 25 de enero, la exposici\u00f3n \u201cEl mundo seg\u00fan Mafalda\u201d, visitar\u00e1 este municipio.<\/p><\/div>\n<p>&nbsp;<\/p>\n<p><strong>Huixquilucan, Estado de M\u00e9xico.\u2014<\/strong> Huixquilucan le dar\u00e1 la bienvenida a <em>Mafalda<\/em> en su primera visita a M\u00e9xico, con la exposici\u00f3n interactiva \u201cEl mundo seg\u00fan Mafalda\u201d, como parte de los proyectos de atracci\u00f3n de inversiones que ha logrado el gobierno municipal para lograr una pronta reactivaci\u00f3n econ\u00f3mica y promover la creaci\u00f3n de nuevas fuentes de empleo, tras la pandemia de la covid-19.<\/p>\n<p>En la Embajada de Argentina en M\u00e9xico, la presidenta municipal por Ministerio de Ley, Mar\u00eda Eugenia Torres P\u00e9rez Tejada, y la presidenta del Sistema Municipal DIF, Romina Contreras de Vargas, anunciaron que, desde el 26 de noviembre y hasta el pr\u00f3ximo 25 de enero de 2022, esta exposici\u00f3n visitar\u00e1 este municipio para acercar la obra de\u00a0Joaqu\u00edn Salvador Lavado Tej\u00f3n \u201cQuino\u201d, a todas las familias.<\/p>\n<p>Romina Contreras destac\u00f3 que, a pesar de que han transcurrido 57 a\u00f1os de la creaci\u00f3n de esta ni\u00f1a del pelo negro que odia la sopa y est\u00e1 en permanente contradicci\u00f3n con los adultos, la cr\u00edtica y el humor del personaje siguen m\u00e1s vigentes que nunca, pues la visi\u00f3n y el talento de \u201cQuino\u201d permitieron centrar la atenci\u00f3n en problem\u00e1ticas como la discriminaci\u00f3n, el machismo y las injusticias humanas, adem\u00e1s de poner \u00e9nfasis en la importancia de los valores universales y de las mujeres.<\/p>\n<p><em>Mafalda<\/em> es un personaje que deja huella, que sigue vigente y que adem\u00e1s tiene una filosof\u00eda en favor de la humanidad y en contra de la discriminaci\u00f3n y compartimos la misma bandera, por eso es un honor que est\u00e9 en el municipio\u201d, afirm\u00f3.<\/p>\n<p>Indic\u00f3 que la llegada de esta exposici\u00f3n a Paseo Interlomas permitir\u00e1 acercar la filosof\u00eda de quien es considerada una de las mujeres argentinas m\u00e1s influyentes del Siglo XX, pese a tener un cuerpo de papel, para que las nuevas generaciones conozcan su legado y lo repliquen en el tiempo, lo que permitir\u00e1 unir a los pueblos de Huixquilucan y de Argentina.<\/p>\n<p>El embajador de Argentina en M\u00e9xico, Carlos Tomada, se\u00f1al\u00f3 que la llegada de <em>Mafalda<\/em> a nuestro pa\u00eds es un momento de celebraci\u00f3n, pues este personaje universal no solo hermana a ambos pueblos, sino que representa un \u00edcono de la lucha pacifista y feminista mundial, al tiempo en que fue y es promotora de la paz y la libertad a trav\u00e9s de sus apariciones en las tiras.<\/p>\n<p>El director general de Plan B Mx, Jos\u00e9 Antonio Valencia, resalt\u00f3 que la idea de traer a <em>Mafalda<\/em> a M\u00e9xico inici\u00f3 hace dos a\u00f1os, aunque, tras la pandemia de covid-19, los valores que promueve la ni\u00f1a argentina se han hecho m\u00e1s vigentes, por lo que es necesario que m\u00e1s personas se acerquen a su filosof\u00eda, con el fin de que \u00e9sta se siga extendiendo en el espacio y tiempo.<\/p>\n<p>La exposici\u00f3n \u201cEl mundo seg\u00fan Mafalda\u201d abrir\u00e1 sus puertas, en un horario de las 10:00 a las 20:00 horas, el pr\u00f3ximo 26 de noviembre, en un espacio de mil 200 metros cuadrados, divididos en 13 salas y cuatro talleres, entre las que se encuentran una reproducci\u00f3n de la casa y el autom\u00f3vil del personaje, adem\u00e1s de muchos otros elementos de las tiras que la hicieran famosa y que fueron seleccionados en vida por el propio \u201cQuino\u201d.<\/p>\n","protected":false},"excerpt":{"rendered":"<p>Huixquilucan le dar\u00e1 la bienvenida a Mafalda en su primera visita a M\u00e9xico, con la exposici\u00f3n interactiva \u201cEl mundo seg\u00fan Mafalda\u201d, como parte de los proyectos de atracci\u00f3n de inversiones que ha logrado el gobierno municipal para lograr una pronta reactivaci\u00f3n econ\u00f3mica y promover la creaci\u00f3n de nuevas fuentes de empleo, tras la pandemia de la covid-19.<\/p>\n","protected":false},"author":3,"featured_media":527240,"comment_status":"open","ping_status":"open","sticky":false,"template":"","format":"standard","meta":{"_monsterinsights_skip_tracking":false,"_monsterinsights_sitenote_active":false,"_monsterinsights_sitenote_note":"","_monsterinsights_sitenote_category":0,"footnotes":""},"categories":[5],"tags":[43675,1097,91680],"class_list":["post-527189","post","type-post","status-publish","format-standard","has-post-thumbnail","hentry","category-estado-de-mexico","tag-estado-de-mexico","tag-huixquilucan","tag-mafalda"],"_links":{"self":[{"href":"https:\/\/www.diarioimagen.net\/index.php?rest_route=\/wp\/v2\/posts\/527189","targetHints":{"allow":["GET"]}}],"collection":[{"href":"https:\/\/www.diarioimagen.net\/index.php?rest_route=\/wp\/v2\/posts"}],"about":[{"href":"https:\/\/www.diarioimagen.net\/index.php?rest_route=\/wp\/v2\/types\/post"}],"author":[{"embeddable":true,"href":"https:\/\/www.diarioimagen.net\/index.php?rest_route=\/wp\/v2\/users\/3"}],"replies":[{"embeddable":true,"href":"https:\/\/www.diarioimagen.net\/index.php?rest_route=%2Fwp%2Fv2%2Fcomments&post=527189"}],"version-history":[{"count":0,"href":"https:\/\/www.diarioimagen.net\/index.php?rest_route=\/wp\/v2\/posts\/527189\/revisions"}],"wp:featuredmedia":[{"embeddable":true,"href":"https:\/\/www.diarioimagen.net\/index.php?rest_route=\/wp\/v2\/media\/527240"}],"wp:attachment":[{"href":"https:\/\/www.diarioimagen.net\/index.php?rest_route=%2Fwp%2Fv2%2Fmedia&parent=527189"}],"wp:term":[{"taxonomy":"category","embeddable":true,"href":"https:\/\/www.diarioimagen.net\/index.php?rest_route=%2Fwp%2Fv2%2Fcategories&post=527189"},{"taxonomy":"post_tag","embeddable":true,"href":"https:\/\/www.diarioimagen.net\/index.php?rest_route=%2Fwp%2Fv2%2Ftags&post=527189"}],"curies":[{"name":"wp","href":"https:\/\/api.w.org\/{rel}","templated":true}]}}