{"id":527250,"date":"2021-11-16T00:05:42","date_gmt":"2021-11-16T06:05:42","guid":{"rendered":"https:\/\/www.diarioimagen.net\/?p=527250"},"modified":"2021-11-18T01:57:08","modified_gmt":"2021-11-18T07:57:08","slug":"exponen-universitarios-problematicas-de-ciudades-mexiquenses-en-festival-universitario-de-cortometraje","status":"publish","type":"post","link":"https:\/\/www.diarioimagen.net\/?p=527250","title":{"rendered":"Exponen universitarios problem\u00e1ticas de ciudades mexiquenses en Festival Universitario de Cortometraje"},"content":{"rendered":"<p><em>\u00a0<\/em><\/p>\n<ul>\n<li><strong><em>Andrea Camacho L\u00f3pez y Hugo Antonio S\u00e1nchez Mart\u00ednez, egresados de la UAEM, obtuvieron el segundo lugar, por el cortometraje \u201cHijas de Tela\u201d, en la cuarta edici\u00f3n de este evento. Mariana Cervantes Gonz\u00e1lez, estudiante del Centro Universitario UAEM Texcoco, obtuvo el tercer lugar, por el cortometraje \u201cEl Teatro de Mar\u00eda\u201d<\/em><\/strong><\/li>\n<\/ul>\n<p>&nbsp;<\/p>\n<p><img loading=\"lazy\" decoding=\"async\" class=\"aligncenter size-full wp-image-527295\" src=\"https:\/\/www.diarioimagen.net\/wp-content\/uploads\/2021\/11\/Uaem-1.jpg\" alt=\"\" width=\"460\" height=\"341\" \/><\/p>\n<p>&nbsp;<\/p>\n<p><strong>Toluca, Estado de M\u00e9xico.\u2014<\/strong> Estudiantes y egresados de la Universidad Aut\u00f3noma del Estado de M\u00e9xico (UAEM) fueron galardonados con el segundo y tercer lugar, respectivamente, por los trabajos \u201cHijas de Tela\u201d y \u201cEl Teatro de Mar\u00eda\u201d, en el Cuarto Festival Universitario de Cortometraje: Miradas de las Ciudades Mexiquenses, organizado por el gobierno estatal y la Universidad Nacional Aut\u00f3noma de M\u00e9xico (UNAM).<\/p>\n<p>Andrea Camacho L\u00f3pez y Hugo Antonio S\u00e1nchez Mart\u00ednez, egresados de la Licenciatura en Dise\u00f1o Gr\u00e1fico y en Estudios Cinematogr\u00e1ficos de la UAEM, respectivamente, fueron galardonados con el segundo lugar, por el cortometraje \u201cHijas de Tela\u201d, que narra la cotidianidad de Margarita, una artesana otom\u00ed en Toluca.<\/p>\n<p>Camacho L\u00f3pez, directora del cortometraje, comparti\u00f3 que conoci\u00f3 a la se\u00f1ora Margarita en una expo de artesan\u00edas y se enamor\u00f3 de su trabajo, por lo que decidi\u00f3 hacer un proyecto en el que se mostrar\u00e1 c\u00f3mo elabora sus productos, entre ellos mu\u00f1ecas de trapo, as\u00ed como el recorrido que realiza de su lugar de origen al centro de Toluca.<\/p>\n<p>\u201cNos platic\u00f3 la problem\u00e1tica qu\u00e9 hay detr\u00e1s de ser artesana y c\u00f3mo muchas veces son invisibilizadas y la gente no valora su trabajo, lo regatean. Entonces, quisimos generar el producto para visibilizar a ella y a su trabajo\u201d, describi\u00f3 Camacho L\u00f3pez, quien con este trabajo debut\u00f3 como directora.<\/p>\n<p>En tanto, S\u00e1nchez Mart\u00ednez, productor y editor de la obra, indic\u00f3 que el objetivo del cortometraje, adem\u00e1s de retratar las artesan\u00edas que a\u00fan se elaboran en la entidad, tambi\u00e9n fue evidenciar el \u201cmalinchismo y regateo\u201d que existe alrededor de las artesanas y c\u00f3mo se desvaloriza su trabajo.<\/p>\n<p>El universitario agradeci\u00f3 el reconocimiento otorgado y el foro en el que se convierte el Festival Universitario de Cortometraje, que a trav\u00e9s del s\u00e9ptimo arte permite dar a conocer historias como la de Margarita.<\/p>\n<p>\u201cSi bien son cinco minutos, hay mucha chamba detr\u00e1s por parte de todo el equipo. Fue un trabajo de dos semanas, aproximadamente, entre el rodaje y la post-producci\u00f3n. Es important\u00edsimo que se otorgue este tipo de espacios y exhibici\u00f3n para dar a conocer lo que como universitarios aprendimos y podemos hacer\u201d, dijo.<\/p>\n<p>En tanto, Mariana Cervantes Gonz\u00e1lez, estudiante de la Licenciatura en Ciencias Pol\u00edticas y Administraci\u00f3n P\u00fablica del Centro Universitario UAEM Texcoco, obtuvo el tercer lugar por el cortometraje \u201cEl Teatro de Mar\u00eda\u201d, en el que particip\u00f3 como co directora y en producci\u00f3n.<\/p>\n<p>\u201cEl Teatro de Mar\u00eda\u201d es una historia sobre los obst\u00e1culos sociales de estereotipos y percepciones a los que se enfrenta una ni\u00f1a para cumplir sus sue\u00f1os de actriz.<\/p>\n<p>Al respecto, Cervantes Gonz\u00e1lez dijo sentirse muy feliz por ser reconocida por el trabajo de codirecci\u00f3n con el que debuta y por el foro para expresar un mensaje que puede generar reflexi\u00f3n en la sociedad y ayudar a las mujeres a cumplir sus sue\u00f1os.<\/p>\n<p>\u201cLo que se quer\u00eda plasmar en este proyecto es la inclusi\u00f3n de los ni\u00f1os en el arte, como es el deseo de nuestro personaje, Mar\u00eda, as\u00ed como la constancia y el trabajo del pueblo mexiquense y con ra\u00edces muy arraigadas, pero sobre todo el papel de las ni\u00f1as y su inclusi\u00f3n en diversas actividades, rompiendo estereotipos, estigmas y etiquetas\u201d, afirm\u00f3.<\/p>\n","protected":false},"excerpt":{"rendered":"<p>Toluca, Estado de M\u00e9xico.- Estudiantes y egresados de la Universidad Aut\u00f3noma del Estado de M\u00e9xico (UAEM) fueron galardonados con el segundo y tercer lugar, respectivamente, por los trabajos \u201cHijas de Tela\u201d y \u201cEl Teatro de Mar\u00eda\u201d, en el Cuarto Festival Universitario de Cortometraje: Miradas de las Ciudades Mexiquenses, organizado por el gobierno estatal y la Universidad Nacional Aut\u00f3noma de M\u00e9xico (UNAM).<\/p>\n","protected":false},"author":3,"featured_media":527296,"comment_status":"open","ping_status":"open","sticky":false,"template":"","format":"standard","meta":{"_monsterinsights_skip_tracking":false,"_monsterinsights_sitenote_active":false,"_monsterinsights_sitenote_note":"","_monsterinsights_sitenote_category":0,"footnotes":""},"categories":[5],"tags":[43675,94058,666,452],"class_list":["post-527250","post","type-post","status-publish","format-standard","has-post-thumbnail","hentry","category-estado-de-mexico","tag-estado-de-mexico","tag-festival-universitario-de-cortometraje","tag-teatro","tag-toluca"],"_links":{"self":[{"href":"https:\/\/www.diarioimagen.net\/index.php?rest_route=\/wp\/v2\/posts\/527250","targetHints":{"allow":["GET"]}}],"collection":[{"href":"https:\/\/www.diarioimagen.net\/index.php?rest_route=\/wp\/v2\/posts"}],"about":[{"href":"https:\/\/www.diarioimagen.net\/index.php?rest_route=\/wp\/v2\/types\/post"}],"author":[{"embeddable":true,"href":"https:\/\/www.diarioimagen.net\/index.php?rest_route=\/wp\/v2\/users\/3"}],"replies":[{"embeddable":true,"href":"https:\/\/www.diarioimagen.net\/index.php?rest_route=%2Fwp%2Fv2%2Fcomments&post=527250"}],"version-history":[{"count":0,"href":"https:\/\/www.diarioimagen.net\/index.php?rest_route=\/wp\/v2\/posts\/527250\/revisions"}],"wp:featuredmedia":[{"embeddable":true,"href":"https:\/\/www.diarioimagen.net\/index.php?rest_route=\/wp\/v2\/media\/527296"}],"wp:attachment":[{"href":"https:\/\/www.diarioimagen.net\/index.php?rest_route=%2Fwp%2Fv2%2Fmedia&parent=527250"}],"wp:term":[{"taxonomy":"category","embeddable":true,"href":"https:\/\/www.diarioimagen.net\/index.php?rest_route=%2Fwp%2Fv2%2Fcategories&post=527250"},{"taxonomy":"post_tag","embeddable":true,"href":"https:\/\/www.diarioimagen.net\/index.php?rest_route=%2Fwp%2Fv2%2Ftags&post=527250"}],"curies":[{"name":"wp","href":"https:\/\/api.w.org\/{rel}","templated":true}]}}