{"id":527268,"date":"2021-11-16T00:02:32","date_gmt":"2021-11-16T06:02:32","guid":{"rendered":"https:\/\/www.diarioimagen.net\/?p=527268"},"modified":"2021-11-16T07:06:22","modified_gmt":"2021-11-16T13:06:22","slug":"vacuna-anti-covid-da-tranquilidad-a-familias-con-ninos-y-adolescentes-con-comorbilidades","status":"publish","type":"post","link":"https:\/\/www.diarioimagen.net\/?p=527268","title":{"rendered":"Vacuna anti-Covid da tranquilidad a familias con ni\u00f1os y adolescentes con comorbilidades"},"content":{"rendered":"<p>&nbsp;<\/p>\n<ul>\n<li><strong><em>Aplicaci\u00f3n de dosis en Naucalpan<\/em><\/strong><\/li>\n<\/ul>\n<p>&nbsp;<\/p>\n<div id=\"attachment_527361\" style=\"width: 470px\" class=\"wp-caption aligncenter\"><a href=\"https:\/\/www.diarioimagen.net\/?attachment_id=527361\" rel=\"attachment wp-att-527361\"><img loading=\"lazy\" decoding=\"async\" aria-describedby=\"caption-attachment-527361\" class=\"size-full wp-image-527361\" src=\"https:\/\/www.diarioimagen.net\/wp-content\/uploads\/2021\/11\/naucalpan-8.jpg\" alt=\"\" width=\"460\" height=\"270\" \/><\/a><p id=\"caption-attachment-527361\" class=\"wp-caption-text\">La vacuna se aplica en el Centro de Salud Naucalpan, ubicado en Jos\u00e9 Mar\u00eda Morelos 112, as\u00ed como en la Unidad de Medicina Familiar N\u00famero 61 del IMSS, en la Avenida 16 de Septiembre 39.<\/p><\/div>\n<p>&nbsp;<\/p>\n<p><strong>Naucalpan, Estado de M\u00e9xico.\u2014<\/strong> Para las familias que tienen a ni\u00f1os o adolescentes con alguna comorbilidad, la vacuna contra el virus SARS-CoV-2 ofrece tranquilidad y esperanza.<\/p>\n<p>As\u00ed lo indicaron durante la aplicaci\u00f3n del biol\u00f3gico en Naucalpan al sector poblacional de 12 a 17 a\u00f1os que registra alguna condici\u00f3n m\u00e9dica que comprometa su sistema inmunol\u00f3gico y que, por lo tanto, los ponga en riesgo de desarrollar s\u00edntomas graves al contraer Covid-19.<\/p>\n<p>La vacuna se aplica en el Centro de Salud Naucalpan, ubicado en Jos\u00e9 Mar\u00eda Morelos 112, Naucalpan Centro; as\u00ed como en la Unidad de Medicina Familiar N\u00famero 61 del IMSS, en la Avenida 16 de Septiembre 39, San Bartolo. Para recibir el biol\u00f3gico, el menor debe estar acompa\u00f1ado de su padre o tutor, que se identificar\u00e1 con credencial del INE o pasaporte.<\/p>\n<p>Asimismo, el menor debe presentar acta de nacimiento, credencial escolar o carnet de derechohabiente de cualquier instituci\u00f3n de salud p\u00fablica.<\/p>\n<p>De igual manera, se deber\u00e1 presentar un certificado m\u00e9dico reciente en el que se acredite el padecimiento o comorbilidad, que incluya la leyenda \u201cel menor es apto para recibir el biol\u00f3gico\u201d, con la firma y la c\u00e9dula profesional del m\u00e9dico que la expide.\u00a0 Adem\u00e1s, es necesario llevar el registro impreso con QR, el cual se puede descargar del sitio web.<\/p>\n","protected":false},"excerpt":{"rendered":"<p>Para las familias que tienen a ni\u00f1os o adolescentes con alguna comorbilidad, la vacuna contra el virus SARS-CoV-2 ofrece tranquilidad y esperanza.<\/p>\n","protected":false},"author":3,"featured_media":527361,"comment_status":"open","ping_status":"open","sticky":false,"template":"","format":"standard","meta":{"_monsterinsights_skip_tracking":false,"_monsterinsights_sitenote_active":false,"_monsterinsights_sitenote_note":"","_monsterinsights_sitenote_category":0,"footnotes":""},"categories":[5],"tags":[43675,970],"class_list":["post-527268","post","type-post","status-publish","format-standard","has-post-thumbnail","hentry","category-estado-de-mexico","tag-estado-de-mexico","tag-naucalpan"],"_links":{"self":[{"href":"https:\/\/www.diarioimagen.net\/index.php?rest_route=\/wp\/v2\/posts\/527268","targetHints":{"allow":["GET"]}}],"collection":[{"href":"https:\/\/www.diarioimagen.net\/index.php?rest_route=\/wp\/v2\/posts"}],"about":[{"href":"https:\/\/www.diarioimagen.net\/index.php?rest_route=\/wp\/v2\/types\/post"}],"author":[{"embeddable":true,"href":"https:\/\/www.diarioimagen.net\/index.php?rest_route=\/wp\/v2\/users\/3"}],"replies":[{"embeddable":true,"href":"https:\/\/www.diarioimagen.net\/index.php?rest_route=%2Fwp%2Fv2%2Fcomments&post=527268"}],"version-history":[{"count":0,"href":"https:\/\/www.diarioimagen.net\/index.php?rest_route=\/wp\/v2\/posts\/527268\/revisions"}],"wp:featuredmedia":[{"embeddable":true,"href":"https:\/\/www.diarioimagen.net\/index.php?rest_route=\/wp\/v2\/media\/527361"}],"wp:attachment":[{"href":"https:\/\/www.diarioimagen.net\/index.php?rest_route=%2Fwp%2Fv2%2Fmedia&parent=527268"}],"wp:term":[{"taxonomy":"category","embeddable":true,"href":"https:\/\/www.diarioimagen.net\/index.php?rest_route=%2Fwp%2Fv2%2Fcategories&post=527268"},{"taxonomy":"post_tag","embeddable":true,"href":"https:\/\/www.diarioimagen.net\/index.php?rest_route=%2Fwp%2Fv2%2Ftags&post=527268"}],"curies":[{"name":"wp","href":"https:\/\/api.w.org\/{rel}","templated":true}]}}