{"id":527272,"date":"2021-11-16T00:01:56","date_gmt":"2021-11-16T06:01:56","guid":{"rendered":"https:\/\/www.diarioimagen.net\/?p=527272"},"modified":"2021-11-16T07:05:11","modified_gmt":"2021-11-16T13:05:11","slug":"alcaldes-electos-de-cuautitlan-izcalli-atizapan-y-tlalnepantla-coinciden-en-coordinar-trabajos","status":"publish","type":"post","link":"https:\/\/www.diarioimagen.net\/?p=527272","title":{"rendered":"Alcaldes electos de Cuautitl\u00e1n Izcalli, Atizap\u00e1n y Tlalnepantla coinciden en coordinar trabajos"},"content":{"rendered":"<p>&nbsp;<\/p>\n<p><a href=\"https:\/\/www.diarioimagen.net\/?attachment_id=527356\" rel=\"attachment wp-att-527356\"><img loading=\"lazy\" decoding=\"async\" class=\"aligncenter size-full wp-image-527356\" src=\"https:\/\/www.diarioimagen.net\/wp-content\/uploads\/2021\/11\/cuautitlan-6.jpg\" alt=\"\" width=\"460\" height=\"270\" \/><\/a><\/p>\n<p>&nbsp;<\/p>\n<p><strong>Cuautitl\u00e1n Izcalli, Estado de M\u00e9xico.\u2014<\/strong> A trav\u00e9s se sus redes sociales, la presidenta municipal electa de Cuautitl\u00e1n Izcalli, Karla Fiesco Garc\u00eda, comparti\u00f3: \u201cTuve el gusto de coincidir con los alcaldes electos, Pedro Rodr\u00edguez Villegas, de Atizap\u00e1n de Zaragoza, y Tony Rodr\u00edguez, de Tlalnepantla de Baz, con los cuales trabajaremos coordinadamente y en beneficio de las y los ciudadanos de nuestros municipios\u201d.<\/p>\n<p>&nbsp;<\/p>\n","protected":false},"excerpt":{"rendered":"<p>A trav\u00e9s se sus redes sociales, la presidenta municipal electa de Cuautitl\u00e1n Izcalli, Karla Fiesco Garc\u00eda, comparti\u00f3: \u201cTuve el gusto de coincidir con los alcaldes electos, Pedro Rodr\u00edguez Villegas, de Atizap\u00e1n de Zaragoza, y Tony Rodr\u00edguez, de Tlalnepantla de Baz, con los cuales trabajaremos coordinadamente y en beneficio de las y los ciudadanos de nuestros municipios\u201d.<\/p>\n","protected":false},"author":3,"featured_media":527356,"comment_status":"open","ping_status":"open","sticky":false,"template":"","format":"standard","meta":{"_monsterinsights_skip_tracking":false,"_monsterinsights_sitenote_active":false,"_monsterinsights_sitenote_note":"","_monsterinsights_sitenote_category":0,"footnotes":""},"categories":[5],"tags":[971,43675,29408],"class_list":["post-527272","post","type-post","status-publish","format-standard","has-post-thumbnail","hentry","category-estado-de-mexico","tag-cuautitlan-izcalli","tag-estado-de-mexico","tag-trabajos"],"_links":{"self":[{"href":"https:\/\/www.diarioimagen.net\/index.php?rest_route=\/wp\/v2\/posts\/527272","targetHints":{"allow":["GET"]}}],"collection":[{"href":"https:\/\/www.diarioimagen.net\/index.php?rest_route=\/wp\/v2\/posts"}],"about":[{"href":"https:\/\/www.diarioimagen.net\/index.php?rest_route=\/wp\/v2\/types\/post"}],"author":[{"embeddable":true,"href":"https:\/\/www.diarioimagen.net\/index.php?rest_route=\/wp\/v2\/users\/3"}],"replies":[{"embeddable":true,"href":"https:\/\/www.diarioimagen.net\/index.php?rest_route=%2Fwp%2Fv2%2Fcomments&post=527272"}],"version-history":[{"count":0,"href":"https:\/\/www.diarioimagen.net\/index.php?rest_route=\/wp\/v2\/posts\/527272\/revisions"}],"wp:featuredmedia":[{"embeddable":true,"href":"https:\/\/www.diarioimagen.net\/index.php?rest_route=\/wp\/v2\/media\/527356"}],"wp:attachment":[{"href":"https:\/\/www.diarioimagen.net\/index.php?rest_route=%2Fwp%2Fv2%2Fmedia&parent=527272"}],"wp:term":[{"taxonomy":"category","embeddable":true,"href":"https:\/\/www.diarioimagen.net\/index.php?rest_route=%2Fwp%2Fv2%2Fcategories&post=527272"},{"taxonomy":"post_tag","embeddable":true,"href":"https:\/\/www.diarioimagen.net\/index.php?rest_route=%2Fwp%2Fv2%2Ftags&post=527272"}],"curies":[{"name":"wp","href":"https:\/\/api.w.org\/{rel}","templated":true}]}}