{"id":527306,"date":"2021-11-16T00:01:10","date_gmt":"2021-11-16T06:01:10","guid":{"rendered":"https:\/\/www.diarioimagen.net\/?p=527306"},"modified":"2021-11-16T05:46:41","modified_gmt":"2021-11-16T11:46:41","slug":"el-regano-presidencial","status":"publish","type":"post","link":"https:\/\/www.diarioimagen.net\/?p=527306","title":{"rendered":"El rega\u00f1o presidencial"},"content":{"rendered":"<h2>De pe a pa<\/h2>\n<h5>Alberto Vieyra G.<\/h5>\n<p>&nbsp;<\/p>\n<p>El mi\u00e9rcoles de la semana pasada, AMLO rega\u00f1\u00f3 al titular de salud, Jorge Alcocer, y a otros buenos pa\u00b4nada que cobran como funcionarios en la Secretar\u00eda de Salud por el desabasto de medicamentos diciendo que: \u201cNo vamos a estar tranquilos hasta que no haya abasto suficiente de medicamentos, todos los medicamentos, hasta los m\u00e1s dif\u00edciles de conseguir. Por eso se abri\u00f3 la posibilidad de comprar los medicamentos en todo el mundo<strong>, ya no hay excusas<\/strong>\u201d.<\/p>\n<p>La realidad es que los medicamentos, sobre todo los oncol\u00f3gicos, es decir para curar el c\u00e1ncer, brillan por su ausencia, mientras padres de familia lloran a m\u00e1s de 2 mil infantes que ya murieron por la negligencia presidencial.<\/p>\n<p>Con la cantaleta de la tan llevada y tra\u00edda austeridad republicana, al m\u00e1s puro estilo de Benito Ju\u00e1rez, AMLO cancel\u00f3 contratos con farmac\u00e9uticas nacionales pretextando que hab\u00eda corrupci\u00f3n y se dio a la tarea de comprar por la v\u00eda de la Secretar\u00eda de Hacienda medicamentos chafas en China, India, Estados Unidos y otras naciones, a trav\u00e9s de la ONU, pero ya se vio que ese organismo internacional result\u00f3 como <em>la carabina de Ambrosio<\/em> y simplemente los medicamentos no est\u00e1n en los hospitales.<\/p>\n<p>As\u00ed que en rigor es Hacienda o los funcionarios chupasangre de esa dependencia los que deber\u00edan de resolver el problema y por eso el dizque rega\u00f1o presidencial m\u00e1s bien parece otra simulaci\u00f3n pol\u00edtica. Hacienda ha sido incapaz de comprar medicamentos o ser\u00e1 orden del Presidente de la Rep\u00fablica de que simule que compra, pero no compra, mientras los afligidos padres de ni\u00f1os con c\u00e1ncer siguen protestando en las calles gan\u00e1ndose el odio del que quita y pone en Palacio Nacional.<\/p>\n<p>\u00bfAdem\u00e1s de Jorge Alcocer, titular de Salud, qui\u00e9nes m\u00e1s se hacen como t\u00edos Lolos convertidos en enemigos del pueblo? Desde luego que el titular del Insabi y Hugo L\u00f3pez-Gatell, quien cometi\u00f3 la bajeza de acusar de \u201cgolpistas\u201d y <em>telenoveleros<\/em> a quienes demandan todo tipo de medicamentos y en especial a los padres de ni\u00f1os con c\u00e1ncer. Esos son los enemigos del pueblo que deber\u00eda estar en la c\u00e1rcel, pues como zar contra coronavirus convirti\u00f3 L\u00f3pez-Gatell al gobierno federal en un gobierno conchudo y criminal, pues el 28% de mis compatriotas que murieron por Covid-19 cayeron en sus casas y m\u00e1s de 35 mil en plena calle sin recibir ni un Mejoralito por parte del gobierno de AMLO. \u00bfSe le puede llamar humanismo a un negrerismo de esa naturaleza?<\/p>\n<p>\u00bfEs real eso de la austeridad republicana juarista? No. En la actualidad, las 32 entidades de la Rep\u00fablica Mexicana que tributan a las arcas de la naci\u00f3n y la prueba est\u00e1 en que para 2022, el gobierno de AMLO dispondr\u00e1 de un presupuesto de 7 billones de pesos y el sector salud resulta ser uno de los mas beneficiados con la recaudaci\u00f3n que viene, a diferencia del gobierno juarista que en aquella \u00e9poca solamente tributaban a la naci\u00f3n 8 entidades de la Rep\u00fablica Mexicana y adem\u00e1s, M\u00e9xico hab\u00eda salido de un conflicto armado que se conoci\u00f3 como la guerra de los 3 a\u00f1os y hab\u00eda vencido el coloniaje de Francia, fusilando a Maximiliano y expulsando del pa\u00eds al ej\u00e9rcito franc\u00e9s en 1867. Aquella austeridad republicana era real, la de AMLO es puro cuento, puro jarabe de pico.<\/p>\n<p>El \u201cno quiero excusas de ning\u00fan tipo\u201d, todo parece que quedar\u00e1 para el anecdotario pol\u00edtico porque la realidad es que M\u00e9xico tiene un Presidente <em>cuentachiles y negrero <\/em>que privilegia aquella m\u00e1xima de que \u201cmueran todos los que tengan que morir para que otros tengan que seguir viviendo\u201d. Es el alto precio de cabecear para d\u00f3nde va el golpe en las elecciones presidenciales.<\/p>\n<p><a href=\"mailto:info@agenciamn.com\" target=\"_blank\" rel=\"noopener noreferrer\"><em>info@agenciamn.com<\/em><\/a><\/p>\n","protected":false},"excerpt":{"rendered":"<p><span style=\"color: #005497;\"><strong>Alberto Vieyra G.<\/strong><\/span><\/p>\n","protected":false},"author":3,"featured_media":0,"comment_status":"open","ping_status":"open","sticky":false,"template":"","format":"standard","meta":{"_monsterinsights_skip_tracking":false,"_monsterinsights_sitenote_active":false,"_monsterinsights_sitenote_note":"","_monsterinsights_sitenote_category":0,"footnotes":""},"categories":[4596],"tags":[43697,4597,43674],"class_list":["post-527306","post","type-post","status-publish","format-standard","hentry","category-alberto-vieyra-g","tag-alberto-vieyra-g","tag-de-pe-a-pa","tag-opinion"],"_links":{"self":[{"href":"https:\/\/www.diarioimagen.net\/index.php?rest_route=\/wp\/v2\/posts\/527306","targetHints":{"allow":["GET"]}}],"collection":[{"href":"https:\/\/www.diarioimagen.net\/index.php?rest_route=\/wp\/v2\/posts"}],"about":[{"href":"https:\/\/www.diarioimagen.net\/index.php?rest_route=\/wp\/v2\/types\/post"}],"author":[{"embeddable":true,"href":"https:\/\/www.diarioimagen.net\/index.php?rest_route=\/wp\/v2\/users\/3"}],"replies":[{"embeddable":true,"href":"https:\/\/www.diarioimagen.net\/index.php?rest_route=%2Fwp%2Fv2%2Fcomments&post=527306"}],"version-history":[{"count":0,"href":"https:\/\/www.diarioimagen.net\/index.php?rest_route=\/wp\/v2\/posts\/527306\/revisions"}],"wp:attachment":[{"href":"https:\/\/www.diarioimagen.net\/index.php?rest_route=%2Fwp%2Fv2%2Fmedia&parent=527306"}],"wp:term":[{"taxonomy":"category","embeddable":true,"href":"https:\/\/www.diarioimagen.net\/index.php?rest_route=%2Fwp%2Fv2%2Fcategories&post=527306"},{"taxonomy":"post_tag","embeddable":true,"href":"https:\/\/www.diarioimagen.net\/index.php?rest_route=%2Fwp%2Fv2%2Ftags&post=527306"}],"curies":[{"name":"wp","href":"https:\/\/api.w.org\/{rel}","templated":true}]}}