{"id":527315,"date":"2021-11-16T00:17:49","date_gmt":"2021-11-16T06:17:49","guid":{"rendered":"https:\/\/www.diarioimagen.net\/?p=527315"},"modified":"2021-11-23T05:41:11","modified_gmt":"2021-11-23T11:41:11","slug":"dormir-tranquilo-en-un-pais-sin-medicamentos","status":"publish","type":"post","link":"https:\/\/www.diarioimagen.net\/?p=527315","title":{"rendered":"\u00bfDormir tranquilo, en un pa\u00eds sin medicamentos?"},"content":{"rendered":"<h2>Caleidoscopio<\/h2>\n<h5>Guillermina G\u00f3mora Ord\u00f3\u00f1ez<\/h5>\n<p>&nbsp;<\/p>\n<p>\u00a1Por fin acept\u00f3 que hay desabasto! El presidente <strong>Andr\u00e9s Manuel L\u00f3pez Obrador<\/strong> dijo: \u201cYa no quiero escuchar de que faltan medicamentos y \u00a1no quiero excusas de ning\u00fan tipo! no podemos dormir tranquilos si no hay medicamentos para atender a enfermos\u201d. Sin embargo, mil 668 menores con c\u00e1ncer han muerto en lo que va de este gobierno por falta de f\u00e1rmacos y negligencia pol\u00edtica.<\/p>\n<p>S\u00ed, la burocracia y la impunidad con la que se han conducido los responsables del sector Salud en la <strong><em>#4Transformaci\u00f3n<\/em><\/strong>, <strong>Jorge Alcocer, Hugo L\u00f3pez-Gatell y Juan Antonio Ferrer, <\/strong>ha costado miles de vidas.<\/p>\n<p><strong>La senadora del PAN, X\u00f3chitl G\u00e1lvez, <\/strong>denunci\u00f3 que, debido a ese desabasto, 46% m\u00e1s personas fallecieron por diabetes en 2020 que en 2019, y 40% de personas con enfermedades card\u00edacas fallecieron en exceso en 2020.<\/p>\n<p>\u201c\u00bfQu\u00e9 quiere decir? Personas que no tuvieron insulina, personas que no tuvieron medicamentos para el coraz\u00f3n, fallecieron. Estamos hablando que hubo un exceso de mortalidad de 350 mil personas, de las cuales se reconocen oficialmente 200 mil, pero fallecieron 150 mil personas por otras causas\u201d, dijo G\u00e1lvez.<\/p>\n<p>En el sector salud no hay estrategia para enfrentar el problema; el desabasto de medicinas en hospitales del pa\u00eds es una tragedia. Entre 2019 y 2021 se reportaron 4 mil 504 denuncias en 30 estados. En su \u00faltimo reporte de junio pasado, las 61 organizaciones del <strong>colectivo \u201cCero Desabasto\u201d<\/strong> indican que tan s\u00f3lo en el primer cuatrimestre de 2021 \u2013de enero a abril\u2013 se registraron 773 casos.<\/p>\n<p>Las instituciones p\u00fablicas que m\u00e1s reportes, por desabasto, presentaron en este periodo, fueron: El <strong>IMSS <\/strong>con 43%; el <strong>ISSSTE<\/strong> con 28%; el <strong>Insabi<\/strong> con 21% y el 10% restante se presentaron en los servicios estatales de salud, los Hospitales de alta especialidad e Institutos Nacionales de Salud y otros subsistemas federales.<\/p>\n<p>En M\u00e9xico, la seguridad social est\u00e1 enferma de burocracia e indolencia. Basta ver y padecer la err\u00e1tica estrategia para enfrentar la pandemia por Covid-19 que tiene a su cargo el llamado \u201cdoctor muerte\u201d, <strong>Hugo L\u00f3pez-Gatell<\/strong>, y que ha costado m\u00e1s de 600 mil vidas y ha llevado a los tribunales el derecho de los menores a vacunarse.<\/p>\n<p>O aquella infame declaraci\u00f3n de L\u00f3pez-Gatell (30-junio-2021) sobre las protestas de los padres de ni\u00f1os con c\u00e1ncer: \u201ces una campa\u00f1a m\u00e1s all\u00e1 del pa\u00eds de los grupos de derecha internacionales que est\u00e1n buscando crear esta ola de simpat\u00eda en la ciudadan\u00eda mexicana ya con una visi\u00f3n casi golpista\u201d. \u00a1Aj\u00e1! Se acab\u00f3 el complot. Su jefe reconoci\u00f3 el desabasto.<\/p>\n<p>No obstante, el <strong>secretario de Salud, Jorge Alcocer<\/strong>, insiste en que no hay fecha para acabar con el desabastecimiento de medicinas en los hospitales, como lo pidi\u00f3 el presidente L\u00f3pez Obrador y admiti\u00f3 que a \u00e9l tambi\u00e9n le \u201cquita el sue\u00f1o\u201d este problema.<\/p>\n<p>Seguramente que le quita el sue\u00f1o, pues no puede tener la conciencia tranquila, luego de que en julio pasado declar\u00f3 que el inter\u00e9s por los medicamentos oncol\u00f3gicos es \u201cv\u00e1lido desde luego, pero exagerado y utilizado para otros fines\u201d. \u00a1Una vileza!<\/p>\n<p>Otra \u201cperla negra\u201d de este viacrucis sanitario fue la del presidente L\u00f3pez Obrador el 30 de agosto de 2019, cuando expres\u00f3 que, en caso de un desabasto, los m\u00e9dicos, enfermeras o sociedad podr\u00edan tomar la decisi\u00f3n de comprar los medicamentos.<\/p>\n<p>\u201cVamos a suponer que en un hospital una ni\u00f1a, un ni\u00f1o, y -aceptando sin conceder- que no tiene el medicamento, \u00bfqu\u00e9 sociedad somos, si la enfermera, si el m\u00e9dico, si el director del hospital, si cualquier ciudadano no toma la decisi\u00f3n de comprar el medicamento para que no pierda la vida la ni\u00f1a o el ni\u00f1o?\u201d<\/p>\n<p>\u00bfD\u00f3nde qued\u00f3 la promesa de tener un sistema de salud como el de Dinamarca o Noruega? De acuerdo con datos del <strong>Coneval<\/strong>, de 2018 a 2020 pasamos de tener 20.1 millones a 35.7 millones de personas que se quedaron sin acceso a la atenci\u00f3n m\u00e9dica.<\/p>\n<p>Otra utop\u00eda de la <strong>#4T, <\/strong>es la creaci\u00f3n de una distribuidora de medicamentos, de equipos y de vacunas del Estado mexicano, para llevarlos a todos los rincones del pa\u00eds. En julio de 2020, se anunci\u00f3 en Palacio Nacional que David Le\u00f3n ser\u00eda su titular, pero despu\u00e9s de los videos donde apareci\u00f3 entregando \u201clas aportaciones\u201d a P\u00edo L\u00f3pez Obrador, nada se supo de la distribuidora y de su titular.<\/p>\n<p>La opci\u00f3n de adquirir los medicamentos a trav\u00e9s de <strong>la Oficina de las Naciones Unidas de Servicios para Proyectos<\/strong> (<strong>UNOPS<\/strong>), tambi\u00e9n fracas\u00f3.\u00a0 <strong>Xavier Tello, analista de pol\u00edticas de la salud<\/strong>, me dijo en entrevista para <strong>MVS Noticias<\/strong>: \u201cEl principal error fue pensar que la UNOPS pod\u00eda ayudar de algo, ellos no ten\u00edan la experiencia de llevar la compra de la venta de medicamentos m\u00e1s grande de Latinoam\u00e9rica, claramente se trajeron a alguien que no sabe.\u201d<\/p>\n<p>El desabasto de medicinas y material quir\u00fargico en hospitales p\u00fablicos no es un complot, es una realidad; Para 2022, el gobierno destinar\u00e1 el 2.5% del Presupuesto de Egresos al Sector Salud, el m\u00e1s bajo de la historia reciente. La incapacidad tambi\u00e9n es corrupci\u00f3n y en temas de salud, la corrupci\u00f3n mata.<\/p>\n<p style=\"text-align: center;\"><strong>VERICUENTOS<\/strong><\/p>\n<p style=\"text-align: center;\"><strong>Alto a la venta de ni\u00f1as<\/strong><\/p>\n<p>En el Senado de la Rep\u00fablica, el <strong>coordinador de Morena, Ricardo Monreal, <\/strong>hace frente a una de las m\u00e1s deleznables pr\u00e1cticas de \u201clos usos y costumbres\u201d mexicanas: la venta de ni\u00f1as. Present\u00f3 una iniciativa de reforma en la materia. Se estima que 300 mil ni\u00f1as han sido vendidas para matrimonio en Guerrero. <strong>#BastaYa<\/strong><\/p>\n<p><a href=\"https:\/\/twitter.com\/guillegomora?lang=es\" target=\"_blank\" rel=\"noopener\"><em>@guillegomora<\/em><\/a><\/p>\n","protected":false},"excerpt":{"rendered":"<p><span style=\"color: #005497;\"><strong>Guillermina G\u00f3mora Ord\u00f3\u00f1ez<\/strong><\/span><\/p>\n","protected":false},"author":3,"featured_media":0,"comment_status":"open","ping_status":"open","sticky":false,"template":"","format":"standard","meta":{"_monsterinsights_skip_tracking":false,"_monsterinsights_sitenote_active":false,"_monsterinsights_sitenote_note":"","_monsterinsights_sitenote_category":0,"footnotes":""},"categories":[58361],"tags":[58362,58363,43674],"class_list":["post-527315","post","type-post","status-publish","format-standard","hentry","category-guillermina-gomora-ordonez","tag-caleidoscopio","tag-guillermina-gomora-ordonez","tag-opinion"],"_links":{"self":[{"href":"https:\/\/www.diarioimagen.net\/index.php?rest_route=\/wp\/v2\/posts\/527315","targetHints":{"allow":["GET"]}}],"collection":[{"href":"https:\/\/www.diarioimagen.net\/index.php?rest_route=\/wp\/v2\/posts"}],"about":[{"href":"https:\/\/www.diarioimagen.net\/index.php?rest_route=\/wp\/v2\/types\/post"}],"author":[{"embeddable":true,"href":"https:\/\/www.diarioimagen.net\/index.php?rest_route=\/wp\/v2\/users\/3"}],"replies":[{"embeddable":true,"href":"https:\/\/www.diarioimagen.net\/index.php?rest_route=%2Fwp%2Fv2%2Fcomments&post=527315"}],"version-history":[{"count":0,"href":"https:\/\/www.diarioimagen.net\/index.php?rest_route=\/wp\/v2\/posts\/527315\/revisions"}],"wp:attachment":[{"href":"https:\/\/www.diarioimagen.net\/index.php?rest_route=%2Fwp%2Fv2%2Fmedia&parent=527315"}],"wp:term":[{"taxonomy":"category","embeddable":true,"href":"https:\/\/www.diarioimagen.net\/index.php?rest_route=%2Fwp%2Fv2%2Fcategories&post=527315"},{"taxonomy":"post_tag","embeddable":true,"href":"https:\/\/www.diarioimagen.net\/index.php?rest_route=%2Fwp%2Fv2%2Ftags&post=527315"}],"curies":[{"name":"wp","href":"https:\/\/api.w.org\/{rel}","templated":true}]}}