{"id":527319,"date":"2021-11-16T00:08:49","date_gmt":"2021-11-16T06:08:49","guid":{"rendered":"https:\/\/www.diarioimagen.net\/?p=527319"},"modified":"2021-11-16T06:01:13","modified_gmt":"2021-11-16T12:01:13","slug":"de-excentricidades-y-austeridad","status":"publish","type":"post","link":"https:\/\/www.diarioimagen.net\/?p=527319","title":{"rendered":"De excentricidades y austeridad"},"content":{"rendered":"<h2>Detr\u00e1s del Poder<\/h2>\n<h5>Jos\u00e9 Antonio L\u00f3pez Sosa<\/h5>\n<p>&nbsp;<\/p>\n<p><strong>M\u00e9rida, Yucat\u00e1n.\u2014<\/strong> Al Presidente en turno, todo lo que representa ir contra su visi\u00f3n de austeridad \u2014desde lo personal hasta lo institucional\u2014 representa una excentricidad, cosas que no tienen cabida en su proyecto pol\u00edtico.<\/p>\n<p>No gastar es sin\u00f3nimo de buen ejercicio p\u00fablico para el presidente L\u00f3pez Obrador, una antagonismo con el derroche que se vivi\u00f3 durante los \u00faltimos per\u00edodos presidenciales, en especial bajo la administraci\u00f3n de Enrique Pe\u00f1a Nieto. La verdad es que ambos extremos son negativos para el ejercicio p\u00fablico: tanto el dispendio descarado de Pe\u00f1a, como la austeridad al extremo, en el caso de L\u00f3pez Obrador.<\/p>\n<p>Para el Presidente es una excentricidad casarse, as\u00ed ech\u00f3 a la calle a C\u00e9sar Ya\u00f1ez y ahora a Santiago Nieto, sus convicciones personales las confunde con una pol\u00edtica de Estado, donde efectivamente debe haber mesura, pero sin lugar a exageraciones que resultan verdaderas excentricidades tambi\u00e9n.<\/p>\n<p>El objetivo no deber\u00eda ser no gastar, sino que cada funcionario gaste lo que quiera con base en sus ingresos legales, no en los basados en la corrupci\u00f3n. El objetivo no deber\u00eda ser no gastar desde el ejercicio p\u00fablico, sino hacerlo con honestidad y con resultados claros, al final se trata de nuestro dinero y no del dinero del presidente.<\/p>\n<p>Hoy, el presidente L\u00f3pez Obrador inaugura el Tianguis Tur\u00edstico de M\u00e9rida, \u00bfle parecer\u00e1 una excentricidad o una necesidad el invertir de este modo en el turismo?, a pesar que la Secretar\u00eda de Turismo no subsidia este evento como antes, de cualquier forma el Presidente ve con malos ojos todo lo que cueste dinero en nombre de M\u00e9xico, aunque no salga de los bolsillos de su presupuesto. A ver qu\u00e9 dice.<\/p>\n<p>La excentricidad y la austeridad parecen antag\u00f3nicos, pero pueden ser tan cercanos cuando se usan con extremo, que pueden llegar a confundirse entre ellos.<\/p>\n<p style=\"text-align: center;\"><strong>Hoy, Chiapas informa sobre ATMEX<\/strong><\/p>\n<p>Hoy es la fecha l\u00edmite para que el Fideicomiso para la Promoci\u00f3n Difusi\u00f3n y Comercializaci\u00f3n de los Atractivos Tur\u00edsticos del Estado de Chiapas, nos informe a trav\u00e9s de la Plataforma de Transparencia, cu\u00e1nto le costar\u00e1 al estado de Chiapas el patrocinio de la feria ATMEX en los primeros d\u00edas de diciembre. Para poder diferenciar del dispendio de la inversi\u00f3n y tener cuentas claras, hay que ser transparentes, esperemos que cumplan con las obligaciones de transparencia.<\/p>\n<p><em><a href=\"http:\/\/www.lopezsosa.com\" target=\"_blank\" rel=\"noopener\">www.lopezsosa.com<\/a><\/em><br \/>\n<em><a href=\"mailto:joseantonio@lopezsosa.com\" target=\"_blank\" rel=\"noopener\">joseantonio@lopezsosa.com<\/a><\/em><br \/>\n<em><a href=\"http:\/\/twitter.com\/joseantonio1977\" target=\"_blank\" rel=\"noopener\">@joseantonio197<\/a><\/em><\/p>\n","protected":false},"excerpt":{"rendered":"<p><span style=\"color: #005497;\"><strong>Jos\u00e9 Antonio L\u00f3pez Sosa<\/strong><\/span><\/p>\n","protected":false},"author":3,"featured_media":0,"comment_status":"open","ping_status":"open","sticky":false,"template":"","format":"standard","meta":{"_monsterinsights_skip_tracking":false,"_monsterinsights_sitenote_active":false,"_monsterinsights_sitenote_note":"","_monsterinsights_sitenote_category":0,"footnotes":""},"categories":[637],"tags":[638,43690,43674],"class_list":["post-527319","post","type-post","status-publish","format-standard","hentry","category-jose-antonio-lopez-sosa","tag-detras-del-poder","tag-jose-antonio-lopez-sosa","tag-opinion"],"_links":{"self":[{"href":"https:\/\/www.diarioimagen.net\/index.php?rest_route=\/wp\/v2\/posts\/527319","targetHints":{"allow":["GET"]}}],"collection":[{"href":"https:\/\/www.diarioimagen.net\/index.php?rest_route=\/wp\/v2\/posts"}],"about":[{"href":"https:\/\/www.diarioimagen.net\/index.php?rest_route=\/wp\/v2\/types\/post"}],"author":[{"embeddable":true,"href":"https:\/\/www.diarioimagen.net\/index.php?rest_route=\/wp\/v2\/users\/3"}],"replies":[{"embeddable":true,"href":"https:\/\/www.diarioimagen.net\/index.php?rest_route=%2Fwp%2Fv2%2Fcomments&post=527319"}],"version-history":[{"count":0,"href":"https:\/\/www.diarioimagen.net\/index.php?rest_route=\/wp\/v2\/posts\/527319\/revisions"}],"wp:attachment":[{"href":"https:\/\/www.diarioimagen.net\/index.php?rest_route=%2Fwp%2Fv2%2Fmedia&parent=527319"}],"wp:term":[{"taxonomy":"category","embeddable":true,"href":"https:\/\/www.diarioimagen.net\/index.php?rest_route=%2Fwp%2Fv2%2Fcategories&post=527319"},{"taxonomy":"post_tag","embeddable":true,"href":"https:\/\/www.diarioimagen.net\/index.php?rest_route=%2Fwp%2Fv2%2Ftags&post=527319"}],"curies":[{"name":"wp","href":"https:\/\/api.w.org\/{rel}","templated":true}]}}