{"id":527387,"date":"2021-11-17T00:04:51","date_gmt":"2021-11-17T06:04:51","guid":{"rendered":"https:\/\/www.diarioimagen.net\/?p=527387"},"modified":"2021-11-17T06:07:30","modified_gmt":"2021-11-17T12:07:30","slug":"inauguran-en-cuautitlan-izcalli-exposicion-pictorica-en-el-auditorio-enrique-batiz","status":"publish","type":"post","link":"https:\/\/www.diarioimagen.net\/?p=527387","title":{"rendered":"Inauguran en Cuautitl\u00e1n Izcalli exposici\u00f3n pict\u00f3rica en el Auditorio Enrique B\u00e1tiz"},"content":{"rendered":"<p>&nbsp;<\/p>\n<p><a href=\"https:\/\/www.diarioimagen.net\/?attachment_id=527431\" rel=\"attachment wp-att-527431\"><img loading=\"lazy\" decoding=\"async\" class=\"aligncenter size-full wp-image-527431\" src=\"https:\/\/www.diarioimagen.net\/wp-content\/uploads\/2021\/11\/izcalli-1.jpg\" alt=\"\" width=\"460\" height=\"270\" \/><\/a><\/p>\n<p>&nbsp;<\/p>\n<p><strong>Cuautitl\u00e1n Izcalli, Estado de M\u00e9xico<\/strong><strong>.\u2014<\/strong>\u00a0 El pasado s\u00e1bado el auditorio Enrique B\u00e1tiz fue el escenario para la inauguraci\u00f3n de la exposici\u00f3n colectiva de maestros y alumnos de la escuela de arte Casa Palos, \u201cMi Amor por el Arte\u201d, encabezada por el presidente Municipal, Ricardo N\u00fa\u00f1ez Ayala.<\/p>\n<p>M\u00e1s de 100 obras fueron presentadas y disfrutadas por decenas de ciudadanos que acudieron y mantuvieron en todo momento las normas sanitarias para evitar contagios por Covid-19. N\u00fa\u00f1ez Ayala coment\u00f3 que el amor al arte es lo que une a alumnos, maestros y familiares, motor que debe estar presente en todas las actividades art\u00edsticas que se realicen.<\/p>\n","protected":false},"excerpt":{"rendered":"<p>El pasado s\u00e1bado el auditorio Enrique B\u00e1tiz fue el escenario para la inauguraci\u00f3n de la exposici\u00f3n colectiva de maestros y alumnos de la escuela de arte Casa Palos, \u201cMi Amor por el Arte\u201d, encabezada por el presidente Municipal, Ricardo N\u00fa\u00f1ez Ayala.<\/p>\n","protected":false},"author":3,"featured_media":527431,"comment_status":"open","ping_status":"open","sticky":false,"template":"","format":"standard","meta":{"_monsterinsights_skip_tracking":false,"_monsterinsights_sitenote_active":false,"_monsterinsights_sitenote_note":"","_monsterinsights_sitenote_category":0,"footnotes":""},"categories":[5],"tags":[971,43675,81038],"class_list":["post-527387","post","type-post","status-publish","format-standard","has-post-thumbnail","hentry","category-estado-de-mexico","tag-cuautitlan-izcalli","tag-estado-de-mexico","tag-ricardo-nunez-ayala"],"_links":{"self":[{"href":"https:\/\/www.diarioimagen.net\/index.php?rest_route=\/wp\/v2\/posts\/527387","targetHints":{"allow":["GET"]}}],"collection":[{"href":"https:\/\/www.diarioimagen.net\/index.php?rest_route=\/wp\/v2\/posts"}],"about":[{"href":"https:\/\/www.diarioimagen.net\/index.php?rest_route=\/wp\/v2\/types\/post"}],"author":[{"embeddable":true,"href":"https:\/\/www.diarioimagen.net\/index.php?rest_route=\/wp\/v2\/users\/3"}],"replies":[{"embeddable":true,"href":"https:\/\/www.diarioimagen.net\/index.php?rest_route=%2Fwp%2Fv2%2Fcomments&post=527387"}],"version-history":[{"count":0,"href":"https:\/\/www.diarioimagen.net\/index.php?rest_route=\/wp\/v2\/posts\/527387\/revisions"}],"wp:featuredmedia":[{"embeddable":true,"href":"https:\/\/www.diarioimagen.net\/index.php?rest_route=\/wp\/v2\/media\/527431"}],"wp:attachment":[{"href":"https:\/\/www.diarioimagen.net\/index.php?rest_route=%2Fwp%2Fv2%2Fmedia&parent=527387"}],"wp:term":[{"taxonomy":"category","embeddable":true,"href":"https:\/\/www.diarioimagen.net\/index.php?rest_route=%2Fwp%2Fv2%2Fcategories&post=527387"},{"taxonomy":"post_tag","embeddable":true,"href":"https:\/\/www.diarioimagen.net\/index.php?rest_route=%2Fwp%2Fv2%2Ftags&post=527387"}],"curies":[{"name":"wp","href":"https:\/\/api.w.org\/{rel}","templated":true}]}}