{"id":527391,"date":"2021-11-17T00:03:09","date_gmt":"2021-11-17T06:03:09","guid":{"rendered":"https:\/\/www.diarioimagen.net\/?p=527391"},"modified":"2021-11-17T06:08:07","modified_gmt":"2021-11-17T12:08:07","slug":"entrega-raciel-perez-cruz-rehabilitacion-de-una-biblioteca-en-tlalnepantla-oriente","status":"publish","type":"post","link":"https:\/\/www.diarioimagen.net\/?p=527391","title":{"rendered":"Entrega Raciel P\u00e9rez Cruz rehabilitaci\u00f3n de una biblioteca en Tlalnepantla Oriente"},"content":{"rendered":"<p>&nbsp;<\/p>\n<ul>\n<li><strong><em>En el pueblo San Juan Ixhuatepec<\/em><\/strong><\/li>\n<\/ul>\n<p>&nbsp;<\/p>\n<div id=\"attachment_527434\" style=\"width: 470px\" class=\"wp-caption aligncenter\"><a href=\"https:\/\/www.diarioimagen.net\/?attachment_id=527434\" rel=\"attachment wp-att-527434\"><img loading=\"lazy\" decoding=\"async\" aria-describedby=\"caption-attachment-527434\" class=\"size-full wp-image-527434\" src=\"https:\/\/www.diarioimagen.net\/wp-content\/uploads\/2021\/11\/tlalnepantla-12.jpg\" alt=\"\" width=\"460\" height=\"270\" \/><\/a><p id=\"caption-attachment-527434\" class=\"wp-caption-text\">El alcalde Raciel P\u00e9rez Cruz, entreg\u00f3 la rehabilitaci\u00f3n integral de la biblioteca p\u00fablica municipal Miguel Hidalgo, ubicada en el pueblo San Juan Ixhuatepec.<\/p><\/div>\n<p>&nbsp;<\/p>\n<p><strong>Tlalnepantla, Estado de M\u00e9xico.\u2014<\/strong> El presidente municipal de Tlalnepantla, Raciel P\u00e9rez Cruz, entreg\u00f3 la rehabilitaci\u00f3n integral de la biblioteca p\u00fablica municipal Miguel Hidalgo, ubicada en el pueblo San Juan Ixhuatepec, con el fin de que la ciudadan\u00eda cuente con un inmueble digno y acondicionado para la lectura.<\/p>\n<p>El Alcalde indic\u00f3 que desde su inauguraci\u00f3n, hace m\u00e1s de 35 a\u00f1os, no se realizaba mantenimiento a la biblioteca m\u00e1s importante de Tlalnepantla Oriente, por lo que esta administraci\u00f3n la rehabilit\u00f3 y ahora cuenta con espacios renovados y adaptados para la consulta.<\/p>\n<p>Expres\u00f3 que \u201cel fomento de la lectura es un acto de responsabilidad, leer es parte de la formaci\u00f3n de los individuos, nos hace sensibles, conscientes y nos permite acceder a un universo de posibilidades\u201d.<\/p>\n<p>Se realizaron trabajos de impermeabilizaci\u00f3n, instalaci\u00f3n de sanitarios, lavamanos, espejos, ventanas, puertas de madera, pisos de loseta de cer\u00e1mica, luminarias tipo LED; en el exterior se sustituyeron las banquetas, se construy\u00f3 una barda, se instal\u00f3 una luminaria solar, malla cicl\u00f3nica en las ventanas, un port\u00f3n, entre otros trabajos.<\/p>\n<p>Durante la inauguraci\u00f3n de la biblioteca se present\u00f3 el mural \u2018En el tiempo\u2019 realizado por Nadia M\u00e1rquez, artista de Tlalnepantla Oriente, y se present\u00f3 el libro \u2018Menos bella, m\u00e1s brutal. Nueva Narrativa Mexiquense\u2019, una antolog\u00eda con 24 cuentos urbanos de autores de diversos municipios de la zona metropolitana.<\/p>\n<p>A la inauguraci\u00f3n asisti\u00f3 Jezabel Delgado Flores, Diputada Local; integrantes del Cuerpo Edilicio, titulares y directores de las diversas \u00e1reas de la administraci\u00f3n; Wendolyn Collazo Rodr\u00edguez del colectivo \u2018Grupo 19 de Noviembre\u2019, y Jorge Nicol\u00e1s Solano, uno de los autores de la antolog\u00eda.<\/p>\n","protected":false},"excerpt":{"rendered":"<p>El presidente municipal de Tlalnepantla, Raciel P\u00e9rez Cruz, entreg\u00f3 la rehabilitaci\u00f3n integral de la biblioteca p\u00fablica municipal Miguel Hidalgo, ubicada en el pueblo San Juan Ixhuatepec, con el fin de que la ciudadan\u00eda cuente con un inmueble digno y acondicionado para la lectura.<\/p>\n","protected":false},"author":3,"featured_media":527434,"comment_status":"open","ping_status":"open","sticky":false,"template":"","format":"standard","meta":{"_monsterinsights_skip_tracking":false,"_monsterinsights_sitenote_active":false,"_monsterinsights_sitenote_note":"","_monsterinsights_sitenote_category":0,"footnotes":""},"categories":[5],"tags":[72798,43675,8519,169],"class_list":["post-527391","post","type-post","status-publish","format-standard","has-post-thumbnail","hentry","category-estado-de-mexico","tag-biblioteca","tag-estado-de-mexico","tag-rehabilitacion","tag-tlalnepantla"],"_links":{"self":[{"href":"https:\/\/www.diarioimagen.net\/index.php?rest_route=\/wp\/v2\/posts\/527391","targetHints":{"allow":["GET"]}}],"collection":[{"href":"https:\/\/www.diarioimagen.net\/index.php?rest_route=\/wp\/v2\/posts"}],"about":[{"href":"https:\/\/www.diarioimagen.net\/index.php?rest_route=\/wp\/v2\/types\/post"}],"author":[{"embeddable":true,"href":"https:\/\/www.diarioimagen.net\/index.php?rest_route=\/wp\/v2\/users\/3"}],"replies":[{"embeddable":true,"href":"https:\/\/www.diarioimagen.net\/index.php?rest_route=%2Fwp%2Fv2%2Fcomments&post=527391"}],"version-history":[{"count":0,"href":"https:\/\/www.diarioimagen.net\/index.php?rest_route=\/wp\/v2\/posts\/527391\/revisions"}],"wp:featuredmedia":[{"embeddable":true,"href":"https:\/\/www.diarioimagen.net\/index.php?rest_route=\/wp\/v2\/media\/527434"}],"wp:attachment":[{"href":"https:\/\/www.diarioimagen.net\/index.php?rest_route=%2Fwp%2Fv2%2Fmedia&parent=527391"}],"wp:term":[{"taxonomy":"category","embeddable":true,"href":"https:\/\/www.diarioimagen.net\/index.php?rest_route=%2Fwp%2Fv2%2Fcategories&post=527391"},{"taxonomy":"post_tag","embeddable":true,"href":"https:\/\/www.diarioimagen.net\/index.php?rest_route=%2Fwp%2Fv2%2Ftags&post=527391"}],"curies":[{"name":"wp","href":"https:\/\/api.w.org\/{rel}","templated":true}]}}