{"id":527462,"date":"2021-11-17T00:02:28","date_gmt":"2021-11-17T06:02:28","guid":{"rendered":"https:\/\/www.diarioimagen.net\/?p=527462"},"modified":"2021-11-17T08:39:33","modified_gmt":"2021-11-17T14:39:33","slug":"lopez-obrador-amenazaa-congresistas-norteamericanos","status":"publish","type":"post","link":"https:\/\/www.diarioimagen.net\/?p=527462","title":{"rendered":"L\u00f3pez Obrador amenazaa congresistas norteamericanos"},"content":{"rendered":"<h2>La Retaguardia<\/h2>\n<h5>Adriana Moreno Cordero<em>\u00a0<\/em><\/h5>\n<p><em>\u00a0<\/em><\/p>\n<ul>\n<li><em>\u00a0<\/em><strong><em>Ignacio Mier, Carlos Puente y Alberto Anaya prometen lo que no podr\u00e1n cumplir<\/em><\/strong><\/li>\n<\/ul>\n<p>&nbsp;<\/p>\n<p>A horas del encuentro que tendr\u00e1 el presidente de los Estados Unidos, <strong>Joe Biden<\/strong>, con el primer ministro de Canad\u00e1, <strong>Justin Trudeau<\/strong> y el Presidente de M\u00e9xico, L\u00f3pez Obrador, de seguro, el inquilino de la Casa Blanca se encuentra preocupado y temeroso, pues en su gustad\u00edsimo \u201cstand-up\u201d ma\u00f1anero, Andr\u00e9s Manuel L\u00f3pez Obrador se vio hasta amenazante cuando dijo aquello de que personalmente se encargar\u00e1 de \u201cbalconear\u201d o exhibir a aquellos legisladores norteamericanos que se atrevan a votar en contra de la eventual iniciativa de Biden para legalizar a 11 millones de migrantes. \u00bfY lo har\u00e1n nada m\u00e1s porque el tabasque\u00f1o se los dice?<\/p>\n<p>Espec\u00edficamente, el jefe del Ejecutivo se\u00f1al\u00f3: \u201cOjal\u00e1 y haya unidad, pero si legisladores de un partido bloquean esta iniciativa, nosotros lo vamos a se\u00f1alar en su momento de manera respetuosa, lo vamos a dar a conocer desde aqu\u00ed, de que un partido, sus legisladores, no ayudaron a algo que es justo, humanitario\u201d.<\/p>\n<p>Vamos a lo mismo, que alguien le avise al inquilino de Palacio Nacional, que no estamos en el Palacio Legislativo de San L\u00e1zaro, a donde s\u00f3lo le basta con \u201ctirar l\u00ednea\u201d hasta con desprecio y los legisladores morenistas hasta se pelean entre ellos y comen pastel de manera vulgar, con tal de ser los primeros en complacer a su jefe.<\/p>\n<p>De seguro, a los congresistas estadounidenses los tiene sin cuidado los aspavientos del tabasque\u00f1o porque de plano no les interesa. Ah\u00ed est\u00e1, dicho sea de paso, la imagen que tienen en pa\u00edses como Francia del gobierno mexicano, si no, ah\u00ed est\u00e1 el semanario galo\u00a0 <em>Charlie Hebd\u00f3<\/em>.<\/p>\n<p>Por m\u00e1s argumentos combativos que esgrima el presidente L\u00f3pez Obrador en la reuni\u00f3n con el ministro canadiense y el inquilino de la Casa Blanca, programada para ma\u00f1ana, lo cierto es que va con malos n\u00fameros con respecto al manejo de la pandemia de Covid-19.<\/p>\n<p>En Canad\u00e1, por ejemplo, uno de cada cuatro tiene el esquema completo de vacunaci\u00f3n, mientras que Estados Unidos cuenta con el 58 por ciento de su poblaci\u00f3n con esquema completo, mientras que M\u00e9xico, que evidentemente lleg\u00f3 rezagado, tiene poco m\u00e1s del 50 por ciento de su poblaci\u00f3n con esquema completo.<\/p>\n<p>Desde luego, no sobra se\u00f1alar que tanto en Estados Unidos como en Canad\u00e1 est\u00e1n vacunando a toda su poblaci\u00f3n, mientras que en nuestro pa\u00eds, el siempre flamante subsecretario de Promoci\u00f3n y Prevenci\u00f3n de la Salud, <strong>Hugo L\u00f3pez-Gatell<\/strong>, anunci\u00f3 ayer, -quiz\u00e1s por la enorme presi\u00f3n que ha venido ejerciendo la sociedad-, que solo tiene contemplado vacunar a una parte de su poblaci\u00f3n de menores, es decir, en nuestro pa\u00eds hay alrededor de 14 millones de muchachos de 12 a 17 a\u00f1os para lo cual, se requieren algo as\u00ed como 28 o 30 millones de vacunas Pfizer.<\/p>\n<p>La Secretar\u00eda de la Defensa Nacional, inform\u00f3 que tiene 18 millones de vacunas de Pfizer que se supone est\u00e1n en el Instituto Nacional de Cancerolog\u00eda con lo que hacen falta aproximadamente 36 millones de vacunas para inocular a estos menores, pues tambi\u00e9n se necesitan m\u00e1s vacunas para los ni\u00f1os de 5 a 11 a\u00f1os y esas, no las hay.<\/p>\n<p style=\"text-align: center;\"><strong>Municiones<\/strong><\/p>\n<p>*** Comieron tamalitos de chipil\u00edn con alg\u00fan atolito de su tierra. El caso es que el Presidente recibi\u00f3 ayer en las inmensidades de Palacio Nacional ni m\u00e1s ni menos que a la bancada de su partido en la C\u00e1mara de Diputados y flamantes r\u00e9moras que los acompa\u00f1an, -PT y PVEM- para darles \u2013como se asent\u00f3 en este espacio en anterior entrega- su \u201cpalmadita\u201d en la espalda, sin rega\u00f1os ni reprimendas, ya que a pie juntillas, sus m\u00e1s fieles y ciegos seguidores lograron aprobar el Presupuesto de Egresos para 2022, sin cambiarle ni una coma. En un sentido discurso, el Ejecutivo destac\u00f3 la disciplina de sus legisladores que, serviles y sonrientes agradecieron la deferencia. Bueno, y tan, pero tan emocionado estaba el coordinador de la fracci\u00f3n parlamentaria de Morena en la C\u00e1mara baja, <strong>Ignacio Mier<\/strong>, que de plano y como dice un refr\u00e1n, \u201cse fue de la boca\u201d y le hizo una m\u00e1s que promesa a su jefe, un juramento en el que se comprometi\u00f3 a que se aprobar\u00e1 la controvertida reforma el\u00e9ctrica, solo -y ah\u00ed est\u00e1 el detalle-, el diputado poblano est\u00e1 a la espera de que en el Palacio Legislativo de San L\u00e1zaro se enfr\u00eden los \u00e1nimos, despu\u00e9s de tantos d\u00edas de discusi\u00f3n, insultos, majader\u00edas y burlas con las que se \u201clucieron\u201d para su jefe, los diputados morenistas y sus r\u00e9moras. Y ya instalados en la emoci\u00f3n, los coordinadores de las bancadas del PVEM y el PT, <strong>Carlos Puente<\/strong> y <strong>Alberto Anaya<\/strong>, respectivamente, se sumaron al compromiso hecho por el diputado Mier Velazco. El inquilino de Palacio Nacional sonri\u00f3 complacido, acaso por ver a la sumisi\u00f3n de sus huestes en una de sus m\u00e1ximas expresiones. En el Patio Mariano se escucharon \u201cvivas\u201d y aplausos que endulzaron sus o\u00eddos.<\/p>\n<p>*** Los siete alcaldes morenistas de la Ciudad de M\u00e9xico se reunir\u00e1n hoy en Xochimilco, que gobierna <strong>Jos\u00e9 Carlos Acosta<\/strong>, para dar el banderazo de salida a la temporada de venta de nochebuenas en apoyo a la econom\u00eda local. En el marco de sus actividades conjuntas semanales, los ediles cuartotransformistas plantar\u00e1n dichas flores en las principales avenidas de la demarcaci\u00f3n, recorrer\u00e1n distintos puntos de venta de nochebuenas y entregar\u00e1n canoas a los productores de plantas de ornato.<\/p>\n<p>*** Aburrida estuvo la comparecencia de la secretaria de Educaci\u00f3n P\u00fablica, <strong>Delfina G\u00f3mez,<\/strong> con todo y su muletilla, \u201cprecisamente\u201d, que utiliz\u00f3 cuantas veces habl\u00f3. Estaba nerviosa la funcionaria y lo reflej\u00f3 cuando por ejemplo, dijo que Cananea y Hermosillo\u00a0 estaban en Jalisco y no en Sonora, \u201cde lo que es precisamente Hermosillo que est\u00e1 a cuatro horas de Cananea\u201d. No le qued\u00f3 m\u00e1s que reconocer que en materia educativa, faltaba mucho por hacer, sin embargo y para no perder el hilo del discurso lopezobradorista, para variar, la titular de la SEP, \u00a1loter\u00eda!, le ech\u00f3 la culpa al pasado de todos los males y problemas y esta vez, no le impidi\u00f3 llevarse de refil\u00f3n a dos ex secretarios de Educaci\u00f3n, como lo fueron el ahora director de la Comisi\u00f3n Federal de Electricidad, Manuel Bartlett y el ex diputado y embajador, Porfirio Mu\u00f1oz Ledo, cosa que no dejaron de reclamarle algunos de sus propios correligionarios. Y la secretaria, pobrecita, en uno o dos a\u00f1os dijo que \u201cno se puede resolver la situaci\u00f3n\u201d. Pero lo que s\u00ed pudo hacer cuando era presidenta municipal de Texcoco, fue \u201cpasar la charola\u201d para recabar fondos para la campa\u00f1a de L\u00f3pez Obrador, algo as\u00ed como 13 millones de pesos y por eso senadores del PAN le sugirieron que si no ser\u00eda lo m\u00e1s adecuado separarse del caso para responder a estas denuncias. Como defensa y respuesta, la titular de la SEP s\u00f3lo atin\u00f3 a negar una y otra vez, sin mayores argumentos, esta situaci\u00f3n. Todo el tiempo se le fue en negar \u201cprecisamente\u201d, eso que se parece m\u00e1s a un delito electoral.<\/p>\n<p><u><a href=\"mailto:morcora@gmail.com\" target=\"_blank\" rel=\"noopener noreferrer\"><em>morcora@gmail.com<\/em><\/a><\/u><\/p>\n","protected":false},"excerpt":{"rendered":"<p><span style=\"color: #005497;\"><strong>Adriana Moreno Cordero<\/strong><\/span><\/p>\n","protected":false},"author":3,"featured_media":0,"comment_status":"open","ping_status":"open","sticky":false,"template":"","format":"standard","meta":{"_monsterinsights_skip_tracking":false,"_monsterinsights_sitenote_active":false,"_monsterinsights_sitenote_note":"","_monsterinsights_sitenote_category":0,"footnotes":""},"categories":[69370],"tags":[69369,69368,43674],"class_list":["post-527462","post","type-post","status-publish","format-standard","hentry","category-adriana-moreno-cordero","tag-adriana-moreno-cordero","tag-la-retaguardia","tag-opinion"],"_links":{"self":[{"href":"https:\/\/www.diarioimagen.net\/index.php?rest_route=\/wp\/v2\/posts\/527462","targetHints":{"allow":["GET"]}}],"collection":[{"href":"https:\/\/www.diarioimagen.net\/index.php?rest_route=\/wp\/v2\/posts"}],"about":[{"href":"https:\/\/www.diarioimagen.net\/index.php?rest_route=\/wp\/v2\/types\/post"}],"author":[{"embeddable":true,"href":"https:\/\/www.diarioimagen.net\/index.php?rest_route=\/wp\/v2\/users\/3"}],"replies":[{"embeddable":true,"href":"https:\/\/www.diarioimagen.net\/index.php?rest_route=%2Fwp%2Fv2%2Fcomments&post=527462"}],"version-history":[{"count":0,"href":"https:\/\/www.diarioimagen.net\/index.php?rest_route=\/wp\/v2\/posts\/527462\/revisions"}],"wp:attachment":[{"href":"https:\/\/www.diarioimagen.net\/index.php?rest_route=%2Fwp%2Fv2%2Fmedia&parent=527462"}],"wp:term":[{"taxonomy":"category","embeddable":true,"href":"https:\/\/www.diarioimagen.net\/index.php?rest_route=%2Fwp%2Fv2%2Fcategories&post=527462"},{"taxonomy":"post_tag","embeddable":true,"href":"https:\/\/www.diarioimagen.net\/index.php?rest_route=%2Fwp%2Fv2%2Ftags&post=527462"}],"curies":[{"name":"wp","href":"https:\/\/api.w.org\/{rel}","templated":true}]}}