{"id":527532,"date":"2021-11-18T00:05:31","date_gmt":"2021-11-18T06:05:31","guid":{"rendered":"https:\/\/www.diarioimagen.net\/?p=527532"},"modified":"2021-11-19T05:31:16","modified_gmt":"2021-11-19T11:31:16","slug":"impulsa-uaem-desarrollo-cientifico-y-tecnologico-con-impacto-social","status":"publish","type":"post","link":"https:\/\/www.diarioimagen.net\/?p=527532","title":{"rendered":"Impulsa UAEM desarrollo cient\u00edfico y tecnol\u00f3gico con impacto social"},"content":{"rendered":"<p><em>\u00a0<\/em><\/p>\n<ul>\n<li><strong><em>A trav\u00e9s del desarrollo del conocimiento, las humanidades, la tecnolog\u00eda y la innovaci\u00f3n, la Administraci\u00f3n 2021-2025, refrenda el compromiso de la Universidad Aut\u00f3noma del Estado de M\u00e9xico (UAEM) para atender problem\u00e1ticas locales, nacionales y mundiales<\/em><\/strong><\/li>\n<\/ul>\n<p>&nbsp;<\/p>\n<div id=\"attachment_527617\" style=\"width: 470px\" class=\"wp-caption aligncenter\"><a href=\"https:\/\/www.diarioimagen.net\/?attachment_id=527617\" rel=\"attachment wp-att-527617\"><img loading=\"lazy\" decoding=\"async\" aria-describedby=\"caption-attachment-527617\" class=\"size-full wp-image-527617\" src=\"https:\/\/www.diarioimagen.net\/wp-content\/uploads\/2021\/11\/uaem-9.jpg\" alt=\"\" width=\"460\" height=\"270\" \/><\/a><p id=\"caption-attachment-527617\" class=\"wp-caption-text\">Se incorporaron cuatro nuevos programas de maestr\u00eda al Padr\u00f3n Nacional de Posgrados de Calidad (PNPC) del Consejo Nacional de Ciencia y Tecnolog\u00eda (Conacyt)<\/p><\/div>\n<p>&nbsp;<\/p>\n<p><strong>Toluca, Estado de M\u00e9xico.-<\/strong> Durante los primeros seis meses de la Administraci\u00f3n Universitaria 2021-2025 de la Universidad Aut\u00f3noma del Estado de M\u00e9xico (UAEM), se logr\u00f3 que 39 estudiantes de posgrado realizaran movilidad acad\u00e9mica: 24 a nivel nacional, seis en el \u00e1mbito internacional y nueve en el intrainstitucional. De igual manera, 27 docentes realizaron movilidad acad\u00e9mica, 12 dentro de la Rep\u00fablica Mexicana y 15 en el extranjero.<\/p>\n<p>Asimismo, se incorporaron cuatro nuevos programas de maestr\u00eda al Padr\u00f3n Nacional de Posgrados de Calidad (PNPC) del Consejo Nacional de Ciencia y Tecnolog\u00eda (Conacyt), que en total ascienden a 65 programas, lo que refuerza el compromiso de la instituci\u00f3n para crear y fortalecer programas de posgrado de una alta calidad acad\u00e9mica, cient\u00edfica y social, con reconocimiento nacional e internacional.<\/p>\n<p>Tambi\u00e9n de mayo a noviembre de 2021 se dise\u00f1aron ocho programas de diplomado superior universitario. En este a\u00f1o suman un total de 17 programas, lo cual representa un incremento de 70 por ciento con respecto al a\u00f1o anterior, dando atenci\u00f3n a 888 alumnos, que con respecto a 2020 significa un incremento de 74.4 por ciento<\/p>\n<p>Gracias al prestigio ganado por la Aut\u00f3noma Mexiquense, la matr\u00edcula de posgrado tuvo un incremento de 6.21 por ciento con respecto a la del ciclo escolar 2020-2021 y pas\u00f3 de tres mil 334 alumnos a tres mil 541 alumnos en 2021-2022, como resultado principalmente del aumento de estudiantes en las especialidades m\u00e9dicas hospitalarias.<\/p>\n<p>Con respecto a la protecci\u00f3n de la capacidad creativa e inventiva, los universitarios lograron el registro de nuevas solicitudes ante el Instituto Mexicano de la Propiedad Industrial (IMPI). En este periodo se increment\u00f3 el n\u00famero de solicitudes ya que de 21 solicitudes de invenci\u00f3n en 2016 se han obtenido 99 en 2021, lo que ha derivado en la obtenci\u00f3n de 37 proyectos consolidados de protecci\u00f3n industrial, correspondientes al registro de nueve patentes, un modelo de utilidad y 27 modelos industriales.<\/p>\n","protected":false},"excerpt":{"rendered":"<p>Durante los primeros seis meses de la Administraci\u00f3n Universitaria 2021-2025 de la Universidad Aut\u00f3noma del Estado de M\u00e9xico (UAEM), se logr\u00f3 que 39 estudiantes de posgrado realizaran movilidad acad\u00e9mica: 24 a nivel nacional, seis en el \u00e1mbito internacional y nueve en el intrainstitucional. De igual manera, 27 docentes realizaron movilidad acad\u00e9mica, 12 dentro de la Rep\u00fablica Mexicana y 15 en el extranjero.<\/p>\n","protected":false},"author":3,"featured_media":527617,"comment_status":"open","ping_status":"open","sticky":false,"template":"","format":"standard","meta":{"_monsterinsights_skip_tracking":false,"_monsterinsights_sitenote_active":false,"_monsterinsights_sitenote_note":"","_monsterinsights_sitenote_category":0,"footnotes":""},"categories":[5],"tags":[43675,92295,452,1491],"class_list":["post-527532","post","type-post","status-publish","format-standard","has-post-thumbnail","hentry","category-estado-de-mexico","tag-estado-de-mexico","tag-impacto-social","tag-toluca","tag-uaem"],"_links":{"self":[{"href":"https:\/\/www.diarioimagen.net\/index.php?rest_route=\/wp\/v2\/posts\/527532","targetHints":{"allow":["GET"]}}],"collection":[{"href":"https:\/\/www.diarioimagen.net\/index.php?rest_route=\/wp\/v2\/posts"}],"about":[{"href":"https:\/\/www.diarioimagen.net\/index.php?rest_route=\/wp\/v2\/types\/post"}],"author":[{"embeddable":true,"href":"https:\/\/www.diarioimagen.net\/index.php?rest_route=\/wp\/v2\/users\/3"}],"replies":[{"embeddable":true,"href":"https:\/\/www.diarioimagen.net\/index.php?rest_route=%2Fwp%2Fv2%2Fcomments&post=527532"}],"version-history":[{"count":0,"href":"https:\/\/www.diarioimagen.net\/index.php?rest_route=\/wp\/v2\/posts\/527532\/revisions"}],"wp:featuredmedia":[{"embeddable":true,"href":"https:\/\/www.diarioimagen.net\/index.php?rest_route=\/wp\/v2\/media\/527617"}],"wp:attachment":[{"href":"https:\/\/www.diarioimagen.net\/index.php?rest_route=%2Fwp%2Fv2%2Fmedia&parent=527532"}],"wp:term":[{"taxonomy":"category","embeddable":true,"href":"https:\/\/www.diarioimagen.net\/index.php?rest_route=%2Fwp%2Fv2%2Fcategories&post=527532"},{"taxonomy":"post_tag","embeddable":true,"href":"https:\/\/www.diarioimagen.net\/index.php?rest_route=%2Fwp%2Fv2%2Ftags&post=527532"}],"curies":[{"name":"wp","href":"https:\/\/api.w.org\/{rel}","templated":true}]}}