{"id":527535,"date":"2021-11-18T00:04:44","date_gmt":"2021-11-18T06:04:44","guid":{"rendered":"https:\/\/www.diarioimagen.net\/?p=527535"},"modified":"2021-11-18T05:35:37","modified_gmt":"2021-11-18T11:35:37","slug":"inicia-en-cuautitlan-izcalli-la-inmunizacion-para-quienes-no-hayan-podido-ser-vacunados","status":"publish","type":"post","link":"https:\/\/www.diarioimagen.net\/?p=527535","title":{"rendered":"Inicia en Cuautitl\u00e1n Izcalli la inmunizaci\u00f3n para quienes no hayan podido ser vacunados"},"content":{"rendered":"<p>&nbsp;<\/p>\n<ul>\n<li><strong><em>Habilitados m\u00f3dulos para la Jurisdicci\u00f3n Sanitaria Cuautitl\u00e1n<\/em><\/strong><\/li>\n<\/ul>\n<p>&nbsp;<\/p>\n<div id=\"attachment_527620\" style=\"width: 470px\" class=\"wp-caption aligncenter\"><a href=\"https:\/\/www.diarioimagen.net\/?attachment_id=527620\" rel=\"attachment wp-att-527620\"><img loading=\"lazy\" decoding=\"async\" aria-describedby=\"caption-attachment-527620\" class=\"size-full wp-image-527620\" src=\"https:\/\/www.diarioimagen.net\/wp-content\/uploads\/2021\/11\/izcalli-2.jpg\" alt=\"\" width=\"460\" height=\"270\" \/><\/a><p id=\"caption-attachment-527620\" class=\"wp-caption-text\">Inici\u00f3 la vacunaci\u00f3n para personas rezagadas que no cuenten con primera o segunda dosis en los m\u00f3dulos regionales que fueron habilitados para la Jurisdicci\u00f3n Sanitaria Cuautitl\u00e1n.<\/p><\/div>\n<p>&nbsp;<\/p>\n<p><strong>Cuautitl\u00e1n Izcalli, Estado de M\u00e9xico.\u2014<\/strong> Este martes inici\u00f3 la vacunaci\u00f3n contra Covid-19 para personas rezagadas que no cuenten con primera o segunda dosis en los m\u00f3dulos regionales que fueron habilitados para la Jurisdicci\u00f3n Sanitaria Cuautitl\u00e1n.<\/p>\n<p>Del martes 16 al jueves 18 de noviembre todas las personas mayores de 18 a\u00f1os del Estado de M\u00e9xico que a\u00fan no se han vacunado o falta una dosis para su esquema completo, podr\u00e1n inmunizarse en el municipio de Cuautitl\u00e1n Izcalli con sede en auditorio Enrique B\u00e1tiz en su modalidad peatonal. Asimismo, podr\u00e1n asistir al municipio de Tultitl\u00e1n en el Deportivo Toltitlan.<\/p>\n<p>Como primera y segunda dosis se aplicar\u00e1 el biol\u00f3gico AstraZeneca y s\u00f3lo para segundas dosis se encuentran las vacunas Pfizer, Sputnik V y Moderna. Los requisitos que deber\u00e1n presentar en el centro de vacunaci\u00f3n son los siguientes: identificaci\u00f3n oficial, CURP, expediente de vacunaci\u00f3n impreso del sitio mivacuna.salud.gob.mx y comprobante de aplicaci\u00f3n de la primera dosis.<\/p>\n<p>La jornada se llevar\u00e1 a cabo en un horario de 9:00 a 17:00 horas. Las recomendaciones para acudir a la aplicaci\u00f3n de la vacuna son: uso de cubrebocas obligatorio, ir desayunados, hidratados, con ropa c\u00f3moda y seguir todas las indicaciones de las brigadas correspondientes.<\/p>\n","protected":false},"excerpt":{"rendered":"<p>Este martes inici\u00f3 la vacunaci\u00f3n contra Covid-19 para personas rezagadas que no cuenten con primera o segunda dosis en los m\u00f3dulos regionales que fueron habilitados para la Jurisdicci\u00f3n Sanitaria Cuautitl\u00e1n.<\/p>\n","protected":false},"author":3,"featured_media":527620,"comment_status":"open","ping_status":"open","sticky":false,"template":"","format":"standard","meta":{"_monsterinsights_skip_tracking":false,"_monsterinsights_sitenote_active":false,"_monsterinsights_sitenote_note":"","_monsterinsights_sitenote_category":0,"footnotes":""},"categories":[5],"tags":[971,43675,92043,92812],"class_list":["post-527535","post","type-post","status-publish","format-standard","has-post-thumbnail","hentry","category-estado-de-mexico","tag-cuautitlan-izcalli","tag-estado-de-mexico","tag-inmunizacion","tag-vacunados"],"_links":{"self":[{"href":"https:\/\/www.diarioimagen.net\/index.php?rest_route=\/wp\/v2\/posts\/527535","targetHints":{"allow":["GET"]}}],"collection":[{"href":"https:\/\/www.diarioimagen.net\/index.php?rest_route=\/wp\/v2\/posts"}],"about":[{"href":"https:\/\/www.diarioimagen.net\/index.php?rest_route=\/wp\/v2\/types\/post"}],"author":[{"embeddable":true,"href":"https:\/\/www.diarioimagen.net\/index.php?rest_route=\/wp\/v2\/users\/3"}],"replies":[{"embeddable":true,"href":"https:\/\/www.diarioimagen.net\/index.php?rest_route=%2Fwp%2Fv2%2Fcomments&post=527535"}],"version-history":[{"count":0,"href":"https:\/\/www.diarioimagen.net\/index.php?rest_route=\/wp\/v2\/posts\/527535\/revisions"}],"wp:featuredmedia":[{"embeddable":true,"href":"https:\/\/www.diarioimagen.net\/index.php?rest_route=\/wp\/v2\/media\/527620"}],"wp:attachment":[{"href":"https:\/\/www.diarioimagen.net\/index.php?rest_route=%2Fwp%2Fv2%2Fmedia&parent=527535"}],"wp:term":[{"taxonomy":"category","embeddable":true,"href":"https:\/\/www.diarioimagen.net\/index.php?rest_route=%2Fwp%2Fv2%2Fcategories&post=527535"},{"taxonomy":"post_tag","embeddable":true,"href":"https:\/\/www.diarioimagen.net\/index.php?rest_route=%2Fwp%2Fv2%2Ftags&post=527535"}],"curies":[{"name":"wp","href":"https:\/\/api.w.org\/{rel}","templated":true}]}}