{"id":527539,"date":"2021-11-18T00:01:01","date_gmt":"2021-11-18T06:01:01","guid":{"rendered":"https:\/\/www.diarioimagen.net\/?p=527539"},"modified":"2021-11-18T05:37:12","modified_gmt":"2021-11-18T11:37:12","slug":"tlalnepantla-realiza-trabajos-de-pintura-de-zonas-de-seguridad-externa-en-primaria-estado-de-mexico","status":"publish","type":"post","link":"https:\/\/www.diarioimagen.net\/?p=527539","title":{"rendered":"Tlalnepantla realiza trabajos de pintura de zonas de seguridad externa en primaria \u201cEstado de M\u00e9xico\u201d"},"content":{"rendered":"<p>&nbsp;<\/p>\n<p><a href=\"https:\/\/www.diarioimagen.net\/?attachment_id=527625\" rel=\"attachment wp-att-527625\"><img loading=\"lazy\" decoding=\"async\" class=\"aligncenter size-full wp-image-527625\" src=\"https:\/\/www.diarioimagen.net\/wp-content\/uploads\/2021\/11\/tlalnepantla-13.jpg\" alt=\"\" width=\"460\" height=\"270\" \/><\/a><\/p>\n<p>&nbsp;<\/p>\n<p><strong>Tlalnepantla, Estado de M\u00e9xico<\/strong><strong>.\u2014<\/strong> Realiza trabajos de pintura de zonas de seguridad externa en la Escuela Primaria \u2018Estado de M\u00e9xico\u2019 que se ubica en la colonia Tlalnemex, con apoyo del personal de Servicios y Mantenimiento Urbano.<\/p>\n<p>Hasta el \u00faltimo d\u00eda de esta administraci\u00f3n trabajamos para que nuestras ni\u00f1as, ni\u00f1os y adolescentes cuenten con espacios dignos para su desarrollo.<\/p>\n","protected":false},"excerpt":{"rendered":"<p>Realiza trabajos de pintura de zonas de seguridad externa en la Escuela Primaria \u2018Estado de M\u00e9xico\u2019 que se ubica en la colonia Tlalnemex, con apoyo del personal de Servicios y Mantenimiento Urbano.<\/p>\n","protected":false},"author":3,"featured_media":527625,"comment_status":"open","ping_status":"open","sticky":false,"template":"","format":"standard","meta":{"_monsterinsights_skip_tracking":false,"_monsterinsights_sitenote_active":false,"_monsterinsights_sitenote_note":"","_monsterinsights_sitenote_category":0,"footnotes":""},"categories":[5],"tags":[43675,43677,169,65507],"class_list":["post-527539","post","type-post","status-publish","format-standard","has-post-thumbnail","hentry","category-estado-de-mexico","tag-estado-de-mexico","tag-seguridad","tag-tlalnepantla","tag-zonas"],"_links":{"self":[{"href":"https:\/\/www.diarioimagen.net\/index.php?rest_route=\/wp\/v2\/posts\/527539","targetHints":{"allow":["GET"]}}],"collection":[{"href":"https:\/\/www.diarioimagen.net\/index.php?rest_route=\/wp\/v2\/posts"}],"about":[{"href":"https:\/\/www.diarioimagen.net\/index.php?rest_route=\/wp\/v2\/types\/post"}],"author":[{"embeddable":true,"href":"https:\/\/www.diarioimagen.net\/index.php?rest_route=\/wp\/v2\/users\/3"}],"replies":[{"embeddable":true,"href":"https:\/\/www.diarioimagen.net\/index.php?rest_route=%2Fwp%2Fv2%2Fcomments&post=527539"}],"version-history":[{"count":0,"href":"https:\/\/www.diarioimagen.net\/index.php?rest_route=\/wp\/v2\/posts\/527539\/revisions"}],"wp:featuredmedia":[{"embeddable":true,"href":"https:\/\/www.diarioimagen.net\/index.php?rest_route=\/wp\/v2\/media\/527625"}],"wp:attachment":[{"href":"https:\/\/www.diarioimagen.net\/index.php?rest_route=%2Fwp%2Fv2%2Fmedia&parent=527539"}],"wp:term":[{"taxonomy":"category","embeddable":true,"href":"https:\/\/www.diarioimagen.net\/index.php?rest_route=%2Fwp%2Fv2%2Fcategories&post=527539"},{"taxonomy":"post_tag","embeddable":true,"href":"https:\/\/www.diarioimagen.net\/index.php?rest_route=%2Fwp%2Fv2%2Ftags&post=527539"}],"curies":[{"name":"wp","href":"https:\/\/api.w.org\/{rel}","templated":true}]}}