{"id":527541,"date":"2021-11-18T00:02:19","date_gmt":"2021-11-18T06:02:19","guid":{"rendered":"https:\/\/www.diarioimagen.net\/?p=527541"},"modified":"2021-11-18T05:39:19","modified_gmt":"2021-11-18T11:39:19","slug":"abren-vacunacion-contra-covid-19-a-personas-rezagadas-de-cuautitlan","status":"publish","type":"post","link":"https:\/\/www.diarioimagen.net\/?p=527541","title":{"rendered":"Abren vacunaci\u00f3n contra Covid-19 a personas rezagadas de Cuautitl\u00e1n"},"content":{"rendered":"<p>&nbsp;<\/p>\n<ul>\n<li><strong><em>Instalan m\u00f3dulos regionales en el Estado de M\u00e9xico<\/em><\/strong><\/li>\n<\/ul>\n<p>&nbsp;<\/p>\n<div id=\"attachment_527629\" style=\"width: 470px\" class=\"wp-caption aligncenter\"><a href=\"https:\/\/www.diarioimagen.net\/?attachment_id=527629\" rel=\"attachment wp-att-527629\"><img loading=\"lazy\" decoding=\"async\" aria-describedby=\"caption-attachment-527629\" class=\"size-full wp-image-527629\" src=\"https:\/\/www.diarioimagen.net\/wp-content\/uploads\/2021\/11\/cuautitlan-7.jpg\" alt=\"\" width=\"460\" height=\"270\" \/><\/a><p id=\"caption-attachment-527629\" class=\"wp-caption-text\">Autoridades de salud abrieron m\u00f3dulos regionales en el Estado de M\u00e9xico, para las personas mayores de 18 a\u00f1os que no han sido vacunadas o que les falta completar su esquema.<\/p><\/div>\n<p>&nbsp;<\/p>\n<p><strong>Cuautitl\u00e1n, Estado de M\u00e9xico.\u2014<\/strong> En seguimiento al Plan Nacional de Vacunaci\u00f3n contra Covid-19, las autoridades de salud abrieron m\u00f3dulos regionales en el Estado de M\u00e9xico, para que las personas mayores de 18 a\u00f1os que no han sido vacunadas o que les falta completar su esquema con la segunda dosis, acudan del 16 al 18 de noviembre a recibir el biol\u00f3gico.<\/p>\n<p>Los vecinos de Cuautitl\u00e1n podr\u00e1n acudir al municipio de Tultitl\u00e1n, al Deportivo Toltitl\u00e1n, ubicado en el boulevard Tultitl\u00e1n, poniente, donde se aplicar\u00e1 la primera dosis de Astra Zeneca y la segunda dosis de: Sputnik V, Moderna, Astra Zeneca y Pfizer.<\/p>\n<p>En el municipio de Cuautitl\u00e1n Izcalli tambi\u00e9n se recibir\u00e1n a los vecinos de Cuautitl\u00e1n, en el m\u00f3dulo regional ubicado en el Auditorio Enrique B\u00e1tiz de avenida Constituci\u00f3n, s\/n, centro urbano, donde se aplicar\u00e1 el biol\u00f3gico Astra Zeneca para la primera dosis y para la segunda: Sputnik V, Moderna, Astra Zeneca y Pfizer. La jornada se llevar\u00e1n a cabo de las 09:00 a las 17:00 horas los d\u00edas se\u00f1alados y las personas que recibir\u00e1n la primera dosis deber\u00e1n presentar el formato de vacunaci\u00f3n con c\u00f3digo QR llenos e impresos del sitio https:\/ miva cuna.s alud. gob.mx, as\u00ed como una identificaci\u00f3n oficial CURP y comprobante de domicilio y para le segunda dosis agregar su comprobante de primera aplicaci\u00f3n.<\/p>\n<p>A todas las personas que acudan se les recomienda ir desayunado y bien hidratado, si toma medicamentos, realizarlo en su horario habitual, acudir con cubre bocas y careta y si requiere de apoyo ir acompa\u00f1ado de otra persona, es importante se\u00f1alar que se cuentan con las dosis suficientes, evite realizar filas durante la noche previa y aglomeraciones durante la jornada.<\/p>\n","protected":false},"excerpt":{"rendered":"<p>En seguimiento al Plan Nacional de Vacunaci\u00f3n contra Covid-19, las autoridades de salud abrieron m\u00f3dulos regionales en el Estado de M\u00e9xico, para que las personas mayores de 18 a\u00f1os que no han sido vacunadas o que les falta completar su esquema con la segunda dosis, acudan del 16 al 18 de noviembre a recibir el biol\u00f3gico.<\/p>\n","protected":false},"author":3,"featured_media":527629,"comment_status":"open","ping_status":"open","sticky":false,"template":"","format":"standard","meta":{"_monsterinsights_skip_tracking":false,"_monsterinsights_sitenote_active":false,"_monsterinsights_sitenote_note":"","_monsterinsights_sitenote_category":0,"footnotes":""},"categories":[5],"tags":[681,43675,94077,2643],"class_list":["post-527541","post","type-post","status-publish","format-standard","has-post-thumbnail","hentry","category-estado-de-mexico","tag-cuautitlan","tag-estado-de-mexico","tag-rezagadas","tag-vacunacion"],"_links":{"self":[{"href":"https:\/\/www.diarioimagen.net\/index.php?rest_route=\/wp\/v2\/posts\/527541","targetHints":{"allow":["GET"]}}],"collection":[{"href":"https:\/\/www.diarioimagen.net\/index.php?rest_route=\/wp\/v2\/posts"}],"about":[{"href":"https:\/\/www.diarioimagen.net\/index.php?rest_route=\/wp\/v2\/types\/post"}],"author":[{"embeddable":true,"href":"https:\/\/www.diarioimagen.net\/index.php?rest_route=\/wp\/v2\/users\/3"}],"replies":[{"embeddable":true,"href":"https:\/\/www.diarioimagen.net\/index.php?rest_route=%2Fwp%2Fv2%2Fcomments&post=527541"}],"version-history":[{"count":0,"href":"https:\/\/www.diarioimagen.net\/index.php?rest_route=\/wp\/v2\/posts\/527541\/revisions"}],"wp:featuredmedia":[{"embeddable":true,"href":"https:\/\/www.diarioimagen.net\/index.php?rest_route=\/wp\/v2\/media\/527629"}],"wp:attachment":[{"href":"https:\/\/www.diarioimagen.net\/index.php?rest_route=%2Fwp%2Fv2%2Fmedia&parent=527541"}],"wp:term":[{"taxonomy":"category","embeddable":true,"href":"https:\/\/www.diarioimagen.net\/index.php?rest_route=%2Fwp%2Fv2%2Fcategories&post=527541"},{"taxonomy":"post_tag","embeddable":true,"href":"https:\/\/www.diarioimagen.net\/index.php?rest_route=%2Fwp%2Fv2%2Ftags&post=527541"}],"curies":[{"name":"wp","href":"https:\/\/api.w.org\/{rel}","templated":true}]}}